{"id":855,"date":"2013-06-16T12:47:02","date_gmt":"2013-06-16T09:47:02","guid":{"rendered":"http:\/\/www.mustafaozcan.info\/blog\/?p=855"},"modified":"2013-06-16T12:58:27","modified_gmt":"2013-06-16T09:58:27","slug":"babalar-gunu-mesajlari-babalar-gunu","status":"publish","type":"post","link":"https:\/\/www.mustafaozcan.info\/blog\/babalar-gunu-mesajlari-babalar-gunu.html","title":{"rendered":"Babalar G\u00fcn\u00fc Mesajlar\u0131 | Babalar G\u00fcn\u00fc"},"content":{"rendered":"<div class=\"musta-icerikten-once\" style=\"margin-left: auto;margin-right: auto;text-align: center;\" id=\"musta-3501888986\"><div id=\"waldo-tag-4179\"><\/div><\/div><p>Babalar G\u00fcn\u00fc \u00d6zel g\u00fcn\u00fcnde bizleri yaln\u0131z b\u0131rakmayan ziyaret\u00e7ilerimize ve canlar\u0131ndan \u00e7ok sevdikleri babalar\u0131n\u0131n,Babalar g\u00fcn\u00fcn\u00fc kutluyoruz.<\/p>\n<p>Mustafaozcan.info: 16 Haziran 2013 g\u00fcn\u00fc web sitemizin daha iyi bir seviyeye gelmesi i\u00e7in \u00e7al\u0131\u015f\u0131yoruz.Sizlerinde deste\u011fiyle web sitemiz\u00a0<strong>Babalar G\u00fcn\u00fc Mesajlar\u0131\u00a0<\/strong>kelimesinde iyi bir s\u0131rada \u00e7\u0131kmas\u0131n\u0131 bekliyoruz.Babalar G\u00fcn\u00fc konusunda 16 Haziran 2013 g\u00fcn\u00fc Google anasayfay\u0131 de\u011fi\u015ftirdi.<\/p>\n<figure id=\"attachment_892\" aria-describedby=\"caption-attachment-892\" style=\"width: 654px\" class=\"wp-caption aligncenter\"><a href=\"https:\/\/www.mustafaozcan.info\/blog\/wp-content\/uploads\/2013\/06\/babalar-gunu-google-doodle.png\"><img loading=\"lazy\" decoding=\"async\" class=\"size-full wp-image-892\" alt=\"Babalar G\u00fcn\u00fc Gogle Doodle\" src=\"https:\/\/www.mustafaozcan.info\/blog\/wp-content\/uploads\/2013\/06\/babalar-gunu-google-doodle.png\" width=\"654\" height=\"230\" srcset=\"https:\/\/www.mustafaozcan.info\/blog\/wp-content\/uploads\/2013\/06\/babalar-gunu-google-doodle.png 654w, https:\/\/www.mustafaozcan.info\/blog\/wp-content\/uploads\/2013\/06\/babalar-gunu-google-doodle-300x105.png 300w, https:\/\/www.mustafaozcan.info\/blog\/wp-content\/uploads\/2013\/06\/babalar-gunu-google-doodle-624x219.png 624w\" sizes=\"auto, (max-width: 654px) 100vw, 654px\" \/><\/a><figcaption id=\"caption-attachment-892\" class=\"wp-caption-text\">Babalar G\u00fcn\u00fc Gogle Doodle<\/figcaption><\/figure>\n<dl class=\"wp-caption alignnone\" id=\"\" style=\"width: 610px;\">\n<dt class=\"wp-caption-dt\"><span style=\"line-height: 1.714285714; font-size: 1rem;\">Babalar&#8217;\u0131n <\/span><strong style=\"line-height: 1.714285714; font-size: 1rem;\">Babalar G\u00fcn\u00fc<\/strong><span style=\"line-height: 1.714285714; font-size: 1rem;\">&#8216;n\u00fc en i\u00e7ten dileklerimle kutlar\u0131m.Yar\u0131n <\/span><strong style=\"line-height: 1.714285714; font-size: 1rem;\">babalar g\u00fcn\u00fc<\/strong><span style=\"line-height: 1.714285714; font-size: 1rem;\">.O mutlu g\u00fcnde en az annelerimiz kadar de\u011fer verdi\u011fimiz can\u0131m babalar\u0131m\u0131z\u0131 sevindirme g\u00fcn\u00fc.Babalar g\u00fcn\u00fc <\/span><strong style=\"line-height: 1.714285714; font-size: 1rem;\">16 Haziran 2013 Pazar<\/strong><span style=\"line-height: 1.714285714; font-size: 1rem;\"> g\u00fcn\u00fcne denk gelmesi yani Haziran ay\u0131n\u0131n \u00fc\u00e7\u00fcnc\u00fc haftas\u0131 olarak kutlanmas\u0131.<\/span><\/dt>\n<\/dl>\n<h1>Babalar G\u00fcn\u00fc<\/h1>\n<figure id=\"attachment_903\" aria-describedby=\"caption-attachment-903\" style=\"width: 550px\" class=\"wp-caption aligncenter\"><a href=\"https:\/\/www.mustafaozcan.info\/blog\/wp-content\/uploads\/2013\/06\/babalar-gunu.jpg\"><img loading=\"lazy\" decoding=\"async\" class=\"size-full wp-image-903\" alt=\"Babalar G\u00fcn\u00fc\" src=\"https:\/\/www.mustafaozcan.info\/blog\/wp-content\/uploads\/2013\/06\/babalar-gunu.jpg\" width=\"550\" height=\"450\" srcset=\"https:\/\/www.mustafaozcan.info\/blog\/wp-content\/uploads\/2013\/06\/babalar-gunu.jpg 550w, https:\/\/www.mustafaozcan.info\/blog\/wp-content\/uploads\/2013\/06\/babalar-gunu-300x245.jpg 300w\" sizes=\"auto, (max-width: 550px) 100vw, 550px\" \/><\/a><figcaption id=\"caption-attachment-903\" class=\"wp-caption-text\">Babalar G\u00fcn\u00fc<\/figcaption><\/figure>\n<p>Bug\u00fcn g\u00fcnlerden <strong>babalar g\u00fcn\u00fc<\/strong> can\u0131m\u0131zdan \u00e7ok sevdi\u011fimiz bizleri b\u00fcy\u00fcten emek harcayan can par\u00e7am\u0131z olan babalar\u0131m\u0131z\u0131 sevindirme g\u00fcn\u00fc.<strong>Babalar G\u00fcn\u00fc Ne Zaman<\/strong>? Normalde Haziran ay\u0131n\u0131n 3.c\u00fc haftas\u0131 kutlanan yani <strong>16 Haziran 2013<\/strong> tarihine denk gelen bu g\u00fcn olan \u00a0<strong>Babalar g\u00fcn\u00fc<\/strong> bir mutlulukla kutluyoruz.<\/p>\n<div>\n<dl>\n<dt><img loading=\"lazy\" decoding=\"async\" alt=\"Father's Day\" src=\"http:\/\/1.bp.blogspot.com\/-vYoih4h3K-4\/UbzuP2yhDKI\/AAAAAAAACkc\/LzcovMsbav8\/s1600\/fathers-days.jpg\" width=\"600\" height=\"400\" \/><\/dt>\n<dd>Father&#8217;s Day<\/dd>\n<\/dl>\n<p>&nbsp;<\/p>\n<\/div>\n<h1>Babalar G\u00fcn\u00fc S\u00f6zleri<\/h1>\n<p>Sizlerle payla\u015fmak istedi\u011fim o mutlu mesajlar\u0131 babalar i\u00e7in \u00f6zel bir g\u00fcn haz\u0131rlay\u0131n ve onlara sevginizi g\u00f6sterin.Benimde can\u0131m babam\u0131n babalar g\u00fcn\u00fcn\u00fc en i\u00e7ten dileklerimle kutlad\u0131\u011f\u0131m\u0131 burdan t\u00fcm herkese duyururum.<\/p>\n<p><strong>Babalar g\u00fcn\u00fcn<\/strong>de can\u0131m babam\u0131za,babam\u0131za\u00a0olan <strong>sayg\u0131<\/strong>, <strong>sadakat<\/strong>,\u00a0<strong>sevgi<\/strong>,ve <strong>\u015f\u00fckran<\/strong> duygular\u0131m\u0131z\u0131 ifade etmeliyiz.Ona bir g\u00fcn de\u011fil ya\u015fam boyu s\u0131k\u0131 s\u0131k\u0131ya sar\u0131lmal\u0131y\u0131z.<\/p>\n<h2>Babalar G\u00fcn\u00fc Mesajlar\u0131<\/h2>\n<p><em>Can\u0131m\u00a0babam! Varl\u0131\u011f\u0131n hep y\u00fcre\u011fimi \u0131s\u0131tt\u0131, bana\u00a0mutluluk\u00a0ve\u00a0g\u00fcven\u00a0verdi. Seni seviyorum\u00a0baba\u2026<\/em><\/p>\n<p>Ailemin reisi,\u00a0b\u00fcy\u00fck\u00a0a\u015fk\u0131m.\u00a0<strong>Babalar g\u00fcn\u00fcn\u00a0<\/strong>kutlu olsun.<\/p>\n<p><strong>Sevgili\u00a0babac\u0131\u011f\u0131m<\/strong>\u00a0gurbet uzak olsa da\u00a0sevgin\u00a0o kadar\u00a0yak\u0131n\u00a0ki bilmelisin ellerinden \u00f6perim\u00a0sevgiler.<\/p>\n<p>Bug\u00fcn ba\u015fard\u0131\u011f\u0131m ve elde edebildi\u011fim her \u015feyde senin pay\u0131n var.\u00a0<strong>Babalar g\u00fcn\u00fcn<\/strong> kutlu olsun.<\/p>\n<p>Her\u00a0zaman\u00a0yan\u0131mda\u00a0oldu\u011fun i\u00e7in te\u015fekk\u00fcr ederim\u00a0sevgili\u00a0babam\u2026<\/p>\n<p><strong>Can\u0131m\u00a0babam!<\/strong>\u2026 Seni \u00e7ok\u00a0seviyorum.\u00a0<strong>Babalar g\u00fcn\u00fcn\u00a0<\/strong>kutlu olsun\u00a0babac\u0131m.<\/p>\n<p>Evimizin g\u00fcne\u015fi bir tanecik\u00a0babac\u0131\u011f\u0131ma\u00a0kucak dolusu\u00a0sevgiyle\u2026 Can\u0131m babac\u0131\u011f\u0131m, sen bizim her\u015feyimizsin.\u00a0Babalar g\u00fcn\u00fcn\u00a0kutlu olsun bir tanecik babac\u0131k.<\/p>\n<p><em>\u0130lk ad\u0131mlar\u0131m\u0131\u00a0atarken ellerimden tutuyordun. \u015eimdi fark ediyorum ki\u00a0babac\u0131\u011f\u0131m, ellerimi hi\u00e7 b\u0131rakmam\u0131\u015fs\u0131n.\u00a0Babalar g\u00fcn\u00fcn\u00a0kutlu olsun\u2026<\/em><\/p>\n<p>Bana yapt\u0131\u011f\u0131n\u00a0d\u00fcnyadaki\u00a0en\u00a0b\u00fcy\u00fck\u00a0iyilik bana\u00a0d\u00fcnyan\u0131n\u00a0en iyi\u00a0\u00f6rne\u011fi olmand\u0131r.Babalar\u0131n\u00a0en iyisi, bu g\u00fcn\u00a0sadece\u00a0senin\u2026\u00a0<strong>Babalar g\u00fcn\u00fcn<\/strong>\u00a0kutlu olsun.<\/p>\n<p>Senin gibi bir\u00a0babaya\u00a0sahip\u00a0oldu\u011fum i\u00e7in ne kadar \u015fansl\u0131 oldu\u011fumu her\u00a0zamanbilece\u011fim. Seni\u00a0seviyorum\u00a0can\u0131m\u00a0babac\u0131m.<\/p>\n<p>Baba\u00a0sevgisini\u00a0koru. O\u00a0<strong>sevgiy<\/strong>i\u00a0kesip atarsan, Tanr\u0131 da senin\u00a0mutluluk\u00a0\u0131\u015f\u0131\u011f\u0131n\u0131 s\u00f6nd\u00fcr\u00fcr. \u201cHz. Muhammed (s.a.v)\u201d<\/p>\n<p>Babam\u00a0oldu\u011fun i\u00e7in mutluyum,\u00a0sahip\u00a0oldu\u011fum\u00a0en iyi\u00a0arkada\u015fs\u0131n\u2026\u00a0Babalar g\u00fcn\u00fcn\u00a0kutlu olsun\u00a0babac\u0131m.<\/p>\n<p><strong>Sensiz bir\u00a0babalar g\u00fcn\u00fc\u00a0ge\u00e7iriyorum ve inan bana, kendimi \u00e7ok yaln\u0131zhissediyor, \u00e7ok \u00fcz\u00fcl\u00fcyor ve \u00e7ok \u00fc\u015f\u00fcyorum\u2026 Sen benim\u00a0arkada\u015f\u0131m,\u00a0sevincim\u00a0ve \u0131\u015f\u0131\u011f\u0131ms\u0131n.\u00a0Babalar g\u00fcn\u00fcn\u00a0kutlu olsun\u00a0baba.<\/strong><\/p>\n<p>Evimizin g\u00fcne\u015fi bir tanesi olan can\u0131m\u00a0babama\u00a0kucak dolusu\u00a0sevgi\u00a0ve sayg\u0131lar\u0131mla\u2026\u00a0Babac\u0131\u011f\u0131m\u00a0bir g\u00fcn\u00fcmde de\u011fil her g\u00fcn\u00fcmdesin.\u00a0Babalar g\u00fcn\u00fcnkutlu olsun<\/p>\n<p>Babalar g\u00fcn\u00fcn\u00a0kutlu olsun\u00a0d\u00fcnyan\u0131n\u00a0en iyi\u00a0babas\u0131\u2026<\/p>\n<p>Sen olmadan ben asla varolamam\u00a0baba. Seni\u00a0seviyorum.\u00a0Babalar g\u00fcn\u00fcn\u00a0kutlu olsun can\u0131m\u00a0babam.<\/p>\n<p>Aslan\u00a0babam,\u00a0<strong>babalar g\u00fcn\u00fcn<\/strong>\u00a0kutlu olsun\u2026<\/p>\n<p>Hayat\u0131n\u00a0anlam\u0131 ve t\u00fcm\u00a0g\u00fczelliklerini\u00a0\u00f6\u011freten adam, benim\u00a0sevgili\u00a0babam.Babalar g\u00fcn\u00fcn\u00a0kutlu olsun\u2026<\/p>\n<p>Kalbi\u00a0sevgi\u00a0dolu,\u00a0sevecen, c\u00f6mert, kibar, kuca\u011f\u0131\u00a0s\u0131cak, anlay\u0131\u015fl\u0131, \u015fefkatli. Bu vas\u0131flar\u0131n t\u00fcm\u00fcn\u00fc ta\u015f\u0131yan tek\u00a0erkek\u2026 Ben ona\u00a0baba\u00a0diye\u00a0sesleniyorum. Benim i\u00e7in\u00a0d\u00fcnyadaki\u00a0en\u00a0\u00f6zel\u00a0erkek!\u00a0Babalar g\u00fcn\u00fcn\u00a0kutlu olsun can\u0131m\u00a0babac\u0131m\u2026<\/p>\n<p>Koklanacak g\u00fcl, a\u00e7\u0131lacak gonca,\u00a0ya\u015fanacak\u00a0hayat\u00a0ve al\u0131nacak\u00a0nefes\u00a0olansevgili\u00a0babam. \u0130kliminden tasas\u0131zl\u0131k,\u00a0sevginden\u00a0cesaret ve g\u00f6zlerinden esaret ald\u0131\u011f\u0131m g\u00fcnleri hep\u00a0ya\u015famak\u00a0isterim.<\/p>\n<p>Kollar\u0131ndan daha\u00a0huzurlu, daha\u00a0g\u00fcvenli, y\u00fcre\u011finden daha\u00a0s\u0131cak\u00a0\u00fclke\u00a0yokmu\u015f babac\u0131m.\u00a0Babalar g\u00fcn\u00fcn\u00a0kutlu olsun.<\/p>\n<p><span style=\"text-decoration: underline;\">Bizim bug\u00fcnlere gelmemizi sa\u011flayan ve hakk\u0131n\u0131 hi\u00e7bir\u00a0zaman \u00f6deyemeyece\u011fimiz\u00a0babam\u0131z\u0131n\u00a0babalar g\u00fcn\u00fc\u00a0kutlu olsun\u2026<\/span><\/p>\n<p>Sen\u00a0d\u00fcnyan\u0131n\u00a0en iyi\u00a0babas\u0131s\u0131n. <strong>Seni \u00e7ok\u00a0seviyorum<\/strong>\u00a0can\u0131m\u00a0babam.\u00a0Babalar g\u00fcn\u00fcn\u00a0kutlu olsun\u00a0babac\u0131m.<\/p>\n<p>Bana u\u00e7abilece\u011fim\u00a0kanatlar\u00a0verdi\u011fin i\u00e7in<strong> te\u015fekk\u00fcrler<\/strong>,<strong>\u00a0sevgin<\/strong>\u00a0ve anlay\u0131\u015f\u0131nla hepyan\u0131mdayd\u0131n, daima s\u0131\u011f\u0131na\u011f\u0131md\u0131n. Benim i\u00e7in ne kadar paha bi\u00e7ilmez bir de\u011ferde oldu\u011funu asla unutmuyorum.\u00a0Babalar g\u00fcn\u00fcn\u00a0kutlu olsun.<\/p>\n<p>Sen\u00a0g\u00fc\u00e7l\u00fc\u00a0bir \u00e7\u0131nar gibisin\u2026 Arkam\u0131 ne\u00a0zaman\u00a0sana\u00a0yaslasam\u00a0san\u0131r\u0131m <strong>ki d\u00fcnyay\u0131<\/strong>\u00a0bile fethedebilirim\u2026 \u00c7\u00fcnk\u00fc bana hep\u00a0g\u00fc\u00e7\u00a0veriyorsun\u2026\u00a0Babalar <strong>g\u00fcn\u00fcn kutlu<\/strong> olsun\u2026<\/p>\n<p>Bana\u00a0g\u00fc\u00e7\u00a0verdin,\u00a0destek\u00a0verdin, her\u00a0zaman\u00a0ama her\u00a0zaman\u00a0yan\u0131mdayd\u0131n,\u00a0<strong>hayatboyu<\/strong> b\u00fct\u00fcn bunlar i\u00e7in sana te\u015fekk\u00fcr edebilmem imkans\u0131z. Fakat yine de deneyece\u011fim. Te\u015fekk\u00fcr ederim\u00a0baba.<strong> Seni \u00e7ok\u00a0seviyorum.<\/strong><\/p>\n<p>\u00dczerine sab\u0131r tohumu\u00a0ekip\u00a0sevgiyle\u00a0sulad\u0131\u011f\u0131n g\u00fcl\u00fcn\u00fcn bilmeni\u00a0istedi\u011fi\u00a0bir \u015fey var. Seni \u00e7ok ama \u00e7ok\u00a0seviyorum.\u00a0<strong>Babalar g\u00fcn\u00fc<\/strong>n\u00a0kutlu olsun.<\/p>\n<h2>Babalar G\u00fcn\u00fc Hediyeleri<\/h2>\n<p>* <strong>Babalar g\u00fcn\u00fc<\/strong> i\u00e7in baban\u0131z\u0131n isminin yaz\u0131l\u0131 oldu\u011fu 3&#8217;l\u00fc kalem seti alabilirsiniz&#8230;.<\/p>\n<p>* <strong>Babalar g\u00fcn\u00fcne<\/strong> \u00f6zel kristal plaket almak isterseniz alabilirsiniz&#8230;<\/p>\n<p>* Babalar g\u00fcn\u00fcne \u00f6zel <strong>Oscar<\/strong> heykeli de ilgin\u00e7 bir tercih olabilir. Oskar heykeli de alabilirsiniz&#8230;<\/p>\n<p>* Baban\u0131za Babalar G\u00fcn\u00fcne \u00f6zel <strong>tra\u015f tra\u015f<\/strong> seti hediye etmek isterseniz alabilirsiniz&#8230;<\/p>\n<p>* Babalar g\u00fcn\u00fc \u00f6zel duvar saati, <strong>ki\u015fiye \u00f6zel foto\u011fraf<\/strong> bask\u0131l\u0131 duvar saatini alabilirsiniz..<\/p>\n<p>* Baban\u0131z\u0131n ad\u0131n\u0131n yaz\u0131l\u0131 oldu\u011fu babalar g\u00fcn\u00fcne \u00f6zel <strong>Zippo<\/strong> \u00e7akmak almak isterseniz alabilirsiniz.<\/p>\n<p>* Babalar g\u00fcn\u00fc i\u00e7in do\u011fal ger\u00e7ek ta\u015flardan yap\u0131lm\u0131\u015f el i\u015fi <strong>tesbih<\/strong> alabilirsiniz.<\/p>\n<p>Baban\u0131za ne hediye alm\u0131\u015f olursan\u0131z olun, baban\u0131z i\u00e7in<strong> en b\u00fcy\u00fck hediye<\/strong> sizsiniz. Bunun fark\u0131na var\u0131n&#8230;<\/p>\n<p>&nbsp;<\/p>\n<div class=\"musta-icerikten-sonra\" id=\"musta-805856211\"><div id=\"waldo-tag-4184\"><\/div><\/div>","protected":false},"excerpt":{"rendered":"<p>Babalar G\u00fcn\u00fc \u00d6zel g\u00fcn\u00fcnde bizleri yaln\u0131z b\u0131rakmayan ziyaret\u00e7ilerimize ve canlar\u0131ndan \u00e7ok sevdikleri babalar\u0131n\u0131n,Babalar g\u00fcn\u00fcn\u00fc kutluyoruz. Mustafaozcan.info: 16 Haziran 2013 g\u00fcn\u00fc web sitemizin daha iyi bir seviyeye gelmesi i\u00e7in \u00e7al\u0131\u015f\u0131yoruz.Sizlerinde deste\u011fiyle web sitemiz\u00a0Babalar G\u00fcn\u00fc Mesajlar\u0131\u00a0kelimesinde iyi bir s\u0131rada \u00e7\u0131kmas\u0131n\u0131 bekliyoruz.Babalar G\u00fcn\u00fc konusunda 16 Haziran 2013 g\u00fcn\u00fc Google anasayfay\u0131 de\u011fi\u015ftirdi. Babalar&#8217;\u0131n Babalar G\u00fcn\u00fc&#8216;n\u00fc en i\u00e7ten dileklerimle kutlar\u0131m.Yar\u0131n [&hellip;]<\/p>\n","protected":false},"author":1,"featured_media":0,"comment_status":"open","ping_status":"closed","sticky":false,"template":"","format":"standard","meta":{"powered_cache_disable_cache":false,"powered_cache_disable_critical_css":false,"powered_cache_specific_critical_css":false,"powered_cache_disable_css_optimization":false,"powered_cache_disable_js_optimization":false,"powered_cache_disable_js_defer":false,"powered_cache_disable_js_delay":false,"footnotes":"","_links_to":"","_links_to_target":""},"categories":[98],"tags":[966,959,963,962,964,960,961,984,967,968,965],"class_list":["post-855","post","type-post","status-publish","format-standard","hentry","category-haber","tag-966","tag-babalar-gunu","tag-babalar-gunu-16-haziran-2013","tag-babalar-gunu-2013","tag-babalar-gunu-2013-hediyeleri","tag-babalar-gunu-hediyeleri","tag-babalar-gunu-hediyesi","tag-babalar-gunu-mesajlari-babalar-gunu-ne-zaman-2013","tag-babalar-gunu-ozel-hediyeleri","tag-babalar-gunu-ozel-hediyesi-2013","tag-babalar-gunu-tarihi"],"_links":{"self":[{"href":"https:\/\/www.mustafaozcan.info\/blog\/wp-json\/wp\/v2\/posts\/855","targetHints":{"allow":["GET"]}}],"collection":[{"href":"https:\/\/www.mustafaozcan.info\/blog\/wp-json\/wp\/v2\/posts"}],"about":[{"href":"https:\/\/www.mustafaozcan.info\/blog\/wp-json\/wp\/v2\/types\/post"}],"author":[{"embeddable":true,"href":"https:\/\/www.mustafaozcan.info\/blog\/wp-json\/wp\/v2\/users\/1"}],"replies":[{"embeddable":true,"href":"https:\/\/www.mustafaozcan.info\/blog\/wp-json\/wp\/v2\/comments?post=855"}],"version-history":[{"count":0,"href":"https:\/\/www.mustafaozcan.info\/blog\/wp-json\/wp\/v2\/posts\/855\/revisions"}],"wp:attachment":[{"href":"https:\/\/www.mustafaozcan.info\/blog\/wp-json\/wp\/v2\/media?parent=855"}],"wp:term":[{"taxonomy":"category","embeddable":true,"href":"https:\/\/www.mustafaozcan.info\/blog\/wp-json\/wp\/v2\/categories?post=855"},{"taxonomy":"post_tag","embeddable":true,"href":"https:\/\/www.mustafaozcan.info\/blog\/wp-json\/wp\/v2\/tags?post=855"}],"curies":[{"name":"wp","href":"https:\/\/api.w.org\/{rel}","templated":true}]}}