{"id":2768,"date":"2014-11-10T11:07:21","date_gmt":"2014-11-10T09:07:21","guid":{"rendered":"http:\/\/www.mustafaozcan.info\/blog\/?p=2768"},"modified":"2014-11-10T11:07:21","modified_gmt":"2014-11-10T09:07:21","slug":"ataturk-10-kasim","status":"publish","type":"post","link":"https:\/\/www.mustafaozcan.info\/blog\/ataturk-10-kasim.html","title":{"rendered":"Atat\u00fcrk"},"content":{"rendered":"<div class=\"musta-icerikten-once\" style=\"margin-left: auto;margin-right: auto;text-align: center;\" id=\"musta-3978759768\"><div id=\"waldo-tag-4179\"><\/div><\/div><p>Atat\u00fcrk&#8217;\u00fcn aram\u0131zdan ayr\u0131l\u0131\u015f\u0131n\u0131n 76.y\u0131l\u0131nda <strong>10 Kas\u0131m<\/strong> 2014 g\u00fcn\u00fc saat dokuzu be\u015f ge\u00e7e <strong>Atat\u00fcrk<\/strong> hayata g\u00f6zlerini yumdu.Bu ayr\u0131l\u0131\u015f de\u011fil halen aram\u0131zda olan <strong>Atat\u00fcrk<\/strong> i\u00e7in \u00f6zel g\u00fcnde onunla ilgili resimleri,\u015fiirleri ve s\u00f6zleri unutmayaca\u011f\u0131m\u0131z <strong>Atat\u00fcrk&#8217;\u00fcn<\/strong> \u00f6zel g\u00fcn\u00fcne ortak olal\u0131m.<\/p>\n<h1><a title=\"10 kas\u0131m\" href=\"http:\/\/www.mustafaozcan.info\/blog\/10-kasim.html\">10 Kas\u0131m<\/a><\/h1>\n<p>Bu \u00f6zel g\u00fcnde 10 Kas\u0131m 1938&#8217;den tam tam\u0131na 76 koca y\u0131l ge\u00e7mi\u015f ve Ata halen ilk g\u00fcn gibi b\u00fcy\u00fck bir sevin\u00e7le an\u0131l\u0131yor.Bug\u00fcn herkes onun i\u00e7in sayg\u0131 duru\u015funda b\u00fcy\u00fck T\u00fcrk milletinin 76.y\u0131ld\u0131r s\u00fcren hasretini bug\u00fcn bir kez daha yad ederek aradan ge\u00e7en 76 y\u0131lda de\u011fi\u015fikli\u011fi g\u00f6zlemledi.An\u0131tkabir&#8217;de <strong>Mustafa Kemal Atat\u00fcrk<\/strong> ziyaretleri ile ilgili sosyal medyada resimlere yer verildi.<\/p>\n<p>Bug\u00fcn de <strong>Atat\u00fcrk<\/strong> resimleri ve <strong>Atat\u00fcrk S\u00f6zleri<\/strong> gibi bir\u00e7ok onu hat\u0131rlayacak bayraklar asarak, <strong>Atat\u00fcrk<\/strong> sesinden \u015fiirler okutarak ge\u00e7irece\u011fimiz bu \u00f6zel g\u00fcnde her yurt severin g\u00f6revi olan <strong>10 Kas\u0131m<\/strong>&#8216;\u0131 b\u00fcy\u00fck gururla selaml\u0131yoruz.<\/p>\n<h2>Atat\u00fcrk Resimleri<\/h2>\n<p><a href=\"https:\/\/www.mustafaozcan.info\/blog\/wp-content\/uploads\/2014\/11\/10kasim_1b.jpg\"><img loading=\"lazy\" decoding=\"async\" class=\"aligncenter size-full wp-image-2769\" src=\"https:\/\/www.mustafaozcan.info\/blog\/wp-content\/uploads\/2014\/11\/10kasim_1b.jpg\" alt=\"10kasim_1b\" width=\"1169\" height=\"1276\" srcset=\"https:\/\/www.mustafaozcan.info\/blog\/wp-content\/uploads\/2014\/11\/10kasim_1b.jpg 1169w, https:\/\/www.mustafaozcan.info\/blog\/wp-content\/uploads\/2014\/11\/10kasim_1b-274x300.jpg 274w, https:\/\/www.mustafaozcan.info\/blog\/wp-content\/uploads\/2014\/11\/10kasim_1b-938x1024.jpg 938w\" sizes=\"auto, (max-width: 1169px) 100vw, 1169px\" \/><\/a> <a href=\"https:\/\/www.mustafaozcan.info\/blog\/wp-content\/uploads\/2014\/11\/11207-ks-games-puzzle-1000-parca-bayrak-ve-ataturk1.jpg\"><img loading=\"lazy\" decoding=\"async\" class=\"aligncenter size-full wp-image-2770\" src=\"https:\/\/www.mustafaozcan.info\/blog\/wp-content\/uploads\/2014\/11\/11207-ks-games-puzzle-1000-parca-bayrak-ve-ataturk1.jpg\" alt=\"11207-ks-games-puzzle-1000-parca-bayrak-ve-ataturk\" width=\"779\" height=\"1100\" srcset=\"https:\/\/www.mustafaozcan.info\/blog\/wp-content\/uploads\/2014\/11\/11207-ks-games-puzzle-1000-parca-bayrak-ve-ataturk1.jpg 779w, https:\/\/www.mustafaozcan.info\/blog\/wp-content\/uploads\/2014\/11\/11207-ks-games-puzzle-1000-parca-bayrak-ve-ataturk1-212x300.jpg 212w, https:\/\/www.mustafaozcan.info\/blog\/wp-content\/uploads\/2014\/11\/11207-ks-games-puzzle-1000-parca-bayrak-ve-ataturk1-725x1024.jpg 725w\" sizes=\"auto, (max-width: 779px) 100vw, 779px\" \/><\/a>  <a href=\"https:\/\/www.mustafaozcan.info\/blog\/wp-content\/uploads\/2014\/11\/ataturk-11.jpg\"><img loading=\"lazy\" decoding=\"async\" class=\"aligncenter size-full wp-image-2772\" src=\"https:\/\/www.mustafaozcan.info\/blog\/wp-content\/uploads\/2014\/11\/ataturk-11.jpg\" alt=\"ataturk (1)\" width=\"1145\" height=\"1338\" srcset=\"https:\/\/www.mustafaozcan.info\/blog\/wp-content\/uploads\/2014\/11\/ataturk-11.jpg 1145w, https:\/\/www.mustafaozcan.info\/blog\/wp-content\/uploads\/2014\/11\/ataturk-11-256x300.jpg 256w, https:\/\/www.mustafaozcan.info\/blog\/wp-content\/uploads\/2014\/11\/ataturk-11-876x1024.jpg 876w\" sizes=\"auto, (max-width: 1145px) 100vw, 1145px\" \/><\/a> <a href=\"https:\/\/www.mustafaozcan.info\/blog\/wp-content\/uploads\/2014\/11\/ataturk-21.jpg\"><img loading=\"lazy\" decoding=\"async\" class=\"aligncenter size-full wp-image-2773\" src=\"https:\/\/www.mustafaozcan.info\/blog\/wp-content\/uploads\/2014\/11\/ataturk-21.jpg\" alt=\"ataturk (2)\" width=\"424\" height=\"600\" srcset=\"https:\/\/www.mustafaozcan.info\/blog\/wp-content\/uploads\/2014\/11\/ataturk-21.jpg 424w, https:\/\/www.mustafaozcan.info\/blog\/wp-content\/uploads\/2014\/11\/ataturk-21-212x300.jpg 212w\" sizes=\"auto, (max-width: 424px) 100vw, 424px\" \/><\/a> <a href=\"https:\/\/www.mustafaozcan.info\/blog\/wp-content\/uploads\/2014\/11\/ATATURK1.jpg\"><img loading=\"lazy\" decoding=\"async\" class=\"aligncenter size-full wp-image-2774\" src=\"https:\/\/www.mustafaozcan.info\/blog\/wp-content\/uploads\/2014\/11\/ATATURK1.jpg\" alt=\"ATATURK\" width=\"800\" height=\"1139\" srcset=\"https:\/\/www.mustafaozcan.info\/blog\/wp-content\/uploads\/2014\/11\/ATATURK1.jpg 800w, https:\/\/www.mustafaozcan.info\/blog\/wp-content\/uploads\/2014\/11\/ATATURK1-210x300.jpg 210w, https:\/\/www.mustafaozcan.info\/blog\/wp-content\/uploads\/2014\/11\/ATATURK1-719x1024.jpg 719w\" sizes=\"auto, (max-width: 800px) 100vw, 800px\" \/><\/a> <a href=\"https:\/\/www.mustafaozcan.info\/blog\/wp-content\/uploads\/2014\/11\/ataturk2.jpg\"><img loading=\"lazy\" decoding=\"async\" class=\"aligncenter size-full wp-image-2775\" src=\"https:\/\/www.mustafaozcan.info\/blog\/wp-content\/uploads\/2014\/11\/ataturk2.jpg\" alt=\"ataturk2\" width=\"257\" height=\"430\" srcset=\"https:\/\/www.mustafaozcan.info\/blog\/wp-content\/uploads\/2014\/11\/ataturk2.jpg 257w, https:\/\/www.mustafaozcan.info\/blog\/wp-content\/uploads\/2014\/11\/ataturk2-179x300.jpg 179w\" sizes=\"auto, (max-width: 257px) 100vw, 257px\" \/><\/a> <a href=\"https:\/\/www.mustafaozcan.info\/blog\/wp-content\/uploads\/2014\/11\/ataturk5.jpg\"><img loading=\"lazy\" decoding=\"async\" class=\"aligncenter size-full wp-image-2776\" src=\"https:\/\/www.mustafaozcan.info\/blog\/wp-content\/uploads\/2014\/11\/ataturk5.jpg\" alt=\"ataturk5\" width=\"800\" height=\"1008\" srcset=\"https:\/\/www.mustafaozcan.info\/blog\/wp-content\/uploads\/2014\/11\/ataturk5.jpg 800w, https:\/\/www.mustafaozcan.info\/blog\/wp-content\/uploads\/2014\/11\/ataturk5-238x300.jpg 238w\" sizes=\"auto, (max-width: 800px) 100vw, 800px\" \/><\/a> <a href=\"https:\/\/www.mustafaozcan.info\/blog\/wp-content\/uploads\/2014\/11\/atat\u00fcrk1.jpg\"><img loading=\"lazy\" decoding=\"async\" class=\"aligncenter size-full wp-image-2777\" src=\"https:\/\/www.mustafaozcan.info\/blog\/wp-content\/uploads\/2014\/11\/atat\u00fcrk1.jpg\" alt=\"atat\u00fcrk1\" width=\"650\" height=\"366\" srcset=\"https:\/\/www.mustafaozcan.info\/blog\/wp-content\/uploads\/2014\/11\/atat\u00fcrk1.jpg 650w, https:\/\/www.mustafaozcan.info\/blog\/wp-content\/uploads\/2014\/11\/atat\u00fcrk1-300x168.jpg 300w\" sizes=\"auto, (max-width: 650px) 100vw, 650px\" \/><\/a> <a href=\"https:\/\/www.mustafaozcan.info\/blog\/wp-content\/uploads\/2014\/11\/kemal-ataturk1.21.jpg\"><img loading=\"lazy\" decoding=\"async\" class=\"aligncenter size-full wp-image-2778\" src=\"https:\/\/www.mustafaozcan.info\/blog\/wp-content\/uploads\/2014\/11\/kemal-ataturk1.21.jpg\" alt=\"kemal-ataturk1.2\" width=\"200\" height=\"234\" \/><\/a> <a href=\"https:\/\/www.mustafaozcan.info\/blog\/wp-content\/uploads\/2014\/11\/MustafaKemalAtaturk1.jpg\"><img loading=\"lazy\" decoding=\"async\" class=\"aligncenter size-full wp-image-2779\" src=\"https:\/\/www.mustafaozcan.info\/blog\/wp-content\/uploads\/2014\/11\/MustafaKemalAtaturk1.jpg\" alt=\"MustafaKemalAtaturk\" width=\"320\" height=\"400\" srcset=\"https:\/\/www.mustafaozcan.info\/blog\/wp-content\/uploads\/2014\/11\/MustafaKemalAtaturk1.jpg 320w, https:\/\/www.mustafaozcan.info\/blog\/wp-content\/uploads\/2014\/11\/MustafaKemalAtaturk1-240x300.jpg 240w\" sizes=\"auto, (max-width: 320px) 100vw, 320px\" \/><\/a>Atat\u00fcrk resmi, atat\u00fcrk s\u00f6zleri, atat\u00fcrk 10 kas\u0131m s\u00f6zleri, atat\u00fcrk&#8217;\u00fc anma g\u00fcn\u00fc, 10 <strong>kas\u0131m<\/strong> 2014, 10 kas\u0131mda ne oldu, 10 Kas\u0131m 1938, 10 Kas\u0131m Resimleri, 10 Kas\u0131m Atat\u00fcrk<\/p>\n<p>&nbsp;<\/p>\n<div class=\"musta-icerikten-sonra\" id=\"musta-2261827746\"><div id=\"waldo-tag-4184\"><\/div><\/div>","protected":false},"excerpt":{"rendered":"<p>Atat\u00fcrk&#8217;\u00fcn aram\u0131zdan ayr\u0131l\u0131\u015f\u0131n\u0131n 76.y\u0131l\u0131nda 10 Kas\u0131m 2014 g\u00fcn\u00fc saat dokuzu be\u015f ge\u00e7e Atat\u00fcrk hayata g\u00f6zlerini yumdu.Bu ayr\u0131l\u0131\u015f de\u011fil halen aram\u0131zda olan Atat\u00fcrk i\u00e7in \u00f6zel g\u00fcnde onunla ilgili resimleri,\u015fiirleri ve s\u00f6zleri unutmayaca\u011f\u0131m\u0131z Atat\u00fcrk&#8217;\u00fcn \u00f6zel g\u00fcn\u00fcne ortak olal\u0131m. 10 Kas\u0131m Bu \u00f6zel g\u00fcnde 10 Kas\u0131m 1938&#8217;den tam tam\u0131na 76 koca y\u0131l ge\u00e7mi\u015f ve Ata halen ilk g\u00fcn [&hellip;]<\/p>\n","protected":false},"author":1,"featured_media":0,"comment_status":"open","ping_status":"closed","sticky":false,"template":"","format":"standard","meta":{"powered_cache_disable_cache":false,"powered_cache_disable_critical_css":false,"powered_cache_specific_critical_css":false,"powered_cache_disable_css_optimization":false,"powered_cache_disable_js_optimization":false,"powered_cache_disable_js_defer":false,"powered_cache_disable_js_delay":false,"footnotes":"","_links_to":"","_links_to_target":""},"categories":[98],"tags":[5291,5290,5287,5286,5314,5312,5304,5311,5313],"class_list":["post-2768","post","type-post","status-publish","format-standard","hentry","category-haber","tag-10-kasim-1938","tag-10-kasim-2014","tag-10-kasim-ataturk","tag-10-kasim-resimleri","tag-10-kasimda-ne-oldu","tag-ataturk-10-kasim-sozleri","tag-ataturk-resmi","tag-ataturk-sozleri","tag-ataturku-anma-gunu"],"_links":{"self":[{"href":"https:\/\/www.mustafaozcan.info\/blog\/wp-json\/wp\/v2\/posts\/2768","targetHints":{"allow":["GET"]}}],"collection":[{"href":"https:\/\/www.mustafaozcan.info\/blog\/wp-json\/wp\/v2\/posts"}],"about":[{"href":"https:\/\/www.mustafaozcan.info\/blog\/wp-json\/wp\/v2\/types\/post"}],"author":[{"embeddable":true,"href":"https:\/\/www.mustafaozcan.info\/blog\/wp-json\/wp\/v2\/users\/1"}],"replies":[{"embeddable":true,"href":"https:\/\/www.mustafaozcan.info\/blog\/wp-json\/wp\/v2\/comments?post=2768"}],"version-history":[{"count":0,"href":"https:\/\/www.mustafaozcan.info\/blog\/wp-json\/wp\/v2\/posts\/2768\/revisions"}],"wp:attachment":[{"href":"https:\/\/www.mustafaozcan.info\/blog\/wp-json\/wp\/v2\/media?parent=2768"}],"wp:term":[{"taxonomy":"category","embeddable":true,"href":"https:\/\/www.mustafaozcan.info\/blog\/wp-json\/wp\/v2\/categories?post=2768"},{"taxonomy":"post_tag","embeddable":true,"href":"https:\/\/www.mustafaozcan.info\/blog\/wp-json\/wp\/v2\/tags?post=2768"}],"curies":[{"name":"wp","href":"https:\/\/api.w.org\/{rel}","templated":true}]}}