{"id":2069,"date":"2013-12-27T12:03:52","date_gmt":"2013-12-27T10:03:52","guid":{"rendered":"http:\/\/www.mustafaozcan.info\/blog\/?p=2069"},"modified":"2013-12-27T12:03:52","modified_gmt":"2013-12-27T10:03:52","slug":"gun-gecmiyor-ki-yeni-haber-ciksin-dolareuro-zirve-yarisinda","status":"publish","type":"post","link":"https:\/\/www.mustafaozcan.info\/blog\/gun-gecmiyor-ki-yeni-haber-ciksin-dolareuro-zirve-yarisinda.html","title":{"rendered":"G\u00fcn ge\u00e7miyor ki yeni haber \u00e7\u0131ks\u0131n Dolar\/Euro zirve yar\u0131\u015f\u0131nda"},"content":{"rendered":"<div class=\"musta-icerikten-once\" style=\"margin-left: auto;margin-right: auto;text-align: center;\" id=\"musta-3999863340\"><div id=\"waldo-tag-4179\"><\/div><\/div><p>Her <strong>sabah<\/strong> yeni bir g\u00fcne umutla uyand\u0131\u011f\u0131m\u0131z, <strong>\u00dclkemizde<\/strong> olan olaylarla <strong>herg\u00fcn<\/strong> biraz daha dibi g\u00f6rmeye do\u011fru gidiyoruz.S\u00fcrekli \u00e7\u0131kan g\u00fcndem olaylar\u0131 sayesinde sosyal medyada olan haberlere g\u00f6re hareket eden bir toplum haline d\u00f6n\u00fc\u015ft\u00fck.Sabah kalk\u0131p bug\u00fcn ne yolsuzluk yap\u0131ld\u0131 acaba diye soru soruyoruz kendi kendimize.<strong>2014 y\u0131l\u0131na<\/strong> yak\u0131n oldu\u011fumuz \u015fu 27 Aral\u0131k Cuma g\u00fcn\u00fc yeni bir zirve yar\u0131\u015f\u0131na merhaba dedik.<\/p>\n<p>Sabah kalk\u0131p <strong>televizyondan<\/strong>,<strong>internetten<\/strong>,<strong>gazeteden<\/strong> g\u00fcndemi okuyanlar g\u00fcne yepyeni bir <strong>skandal<\/strong> ile ba\u015fl\u0131yor ve bu olaylar her ge\u00e7en g\u00fcn \u00fclkeyi biraz daha dibi g\u00f6rme yoluna s\u00fcr\u00fckl\u00fcyor.<strong>Zirve<\/strong> m\u00fccadelesinin daha da \u00f6teye gidece\u011fini d\u00fc\u015f\u00fcnd\u00fc\u011f\u00fcm \u015fu g\u00fcnlerde birbiri ard\u0131n\u0131 kovalayan <strong>Dolar<\/strong>\/<strong>Euro<\/strong> nun TL kar\u015f\u0131s\u0131ndaki de\u011ferleri a\u015f\u0131r\u0131 bir y\u00fckseli\u015fe ge\u00e7ti.Bunun \u00dclkemizde ya\u015fanan siyasi olaylar\u0131n anl\u0131k de\u011fi\u015fimine g\u00f6re hareket etmesi Merkez Bankas\u0131 taraf\u0131ndan ne kadar m\u00fcdahale yap\u0131lsa da yetersiz kald\u0131\u011f\u0131n\u0131n g\u00f6stergesi siyasal <strong>olaylar\u0131n<\/strong> \u00e7ok b\u00fcy\u00fck bir g\u00fc\u00e7 olmas\u0131.Bu dengenin sadece bu olaylar\u0131n g\u00fcndemden kalkmas\u0131n\u0131n ard\u0131ndan ancak normal seviyelerde devam etmesi bekleniyor.<\/p>\n<p><a href=\"https:\/\/www.mustafaozcan.info\/blog\/wp-content\/uploads\/2013\/12\/dibin-dibi.jpg\"><img loading=\"lazy\" decoding=\"async\" class=\"aligncenter size-full wp-image-2070\" alt=\"dibin-dibi\" src=\"https:\/\/www.mustafaozcan.info\/blog\/wp-content\/uploads\/2013\/12\/dibin-dibi.jpg\" width=\"474\" height=\"300\" srcset=\"https:\/\/www.mustafaozcan.info\/blog\/wp-content\/uploads\/2013\/12\/dibin-dibi.jpg 474w, https:\/\/www.mustafaozcan.info\/blog\/wp-content\/uploads\/2013\/12\/dibin-dibi-300x189.jpg 300w\" sizes=\"auto, (max-width: 474px) 100vw, 474px\" \/><\/a><\/p>\n<p>Borsa 10:40&#8217;ta da y\u00fczde 4&#8217;\u00fc ge\u00e7ince endeks 61.868 puana kadar \u00e7ekildi. Borsada y\u0131lba\u015f\u0131ndan bu yanaki kay\u0131plar y\u00fczde 20&#8217;nin \u00fczerine \u00e7\u0131km\u0131\u015f oldu.<\/p>\n<h2 id=\"HaberOzet\">Borsa d\u00fc\u015f\u00fc\u015fe dolar rekora doymuyor<\/h2>\n<p><strong>Dolar<\/strong> ise <strong>bankalararas\u0131<\/strong> piyasada 2.17&#8217;i g\u00f6r\u00fcp rekor \u00fcst\u00fcne rekor k\u0131rarken, <strong>EURO<\/strong> da 3 liray\u0131 ge\u00e7ti.Her y\u0131l yap\u0131lacak zamlar\u0131n yurtd\u0131\u015f\u0131na ba\u011fl\u0131 b\u00fcy\u00fck bir t\u00fcketici toplum oldu\u011fumuz i\u00e7in yeni y\u0131lda kar\u015f\u0131m\u0131za \u00e7\u0131kacak olan d\u00f6n\u00fc\u015f\u00fcm\u00fc ile b\u00fcy\u00fck sars\u0131nt\u0131lar ge\u00e7irecek durum beklentisindeyim.<\/p>\n<p>Kanaatimce \u015fu aralar ger\u00e7ekten &#8220;<strong>Dibin dibi var m\u0131<\/strong>&#8221; diye m\u00fccadele vermekteyiz.Herkese yeni y\u0131lda bu olaylar\u0131n kapan\u0131p mutlulu\u011fun,sa\u011fl\u0131\u011f\u0131n,ba\u015far\u0131n\u0131n,bol kazanc\u0131n oldu\u011fu bir y\u0131l diliyorum.<\/p>\n<p>Mustafa \u00d6ZCAN \/ <strong>mustafa@mustafaozcan.info<\/strong><\/p>\n<div class=\"musta-icerikten-sonra\" id=\"musta-884037857\"><div id=\"waldo-tag-4184\"><\/div><\/div>","protected":false},"excerpt":{"rendered":"<p>Her sabah yeni bir g\u00fcne umutla uyand\u0131\u011f\u0131m\u0131z, \u00dclkemizde olan olaylarla herg\u00fcn biraz daha dibi g\u00f6rmeye do\u011fru gidiyoruz.S\u00fcrekli \u00e7\u0131kan g\u00fcndem olaylar\u0131 sayesinde sosyal medyada olan haberlere g\u00f6re hareket eden bir toplum haline d\u00f6n\u00fc\u015ft\u00fck.Sabah kalk\u0131p bug\u00fcn ne yolsuzluk yap\u0131ld\u0131 acaba diye soru soruyoruz kendi kendimize.2014 y\u0131l\u0131na yak\u0131n oldu\u011fumuz \u015fu 27 Aral\u0131k Cuma g\u00fcn\u00fc yeni bir zirve yar\u0131\u015f\u0131na [&hellip;]<\/p>\n","protected":false},"author":1,"featured_media":0,"comment_status":"open","ping_status":"closed","sticky":false,"template":"","format":"standard","meta":{"powered_cache_disable_cache":false,"powered_cache_disable_critical_css":false,"powered_cache_specific_critical_css":false,"powered_cache_disable_css_optimization":false,"powered_cache_disable_js_optimization":false,"powered_cache_disable_js_defer":false,"powered_cache_disable_js_delay":false,"footnotes":"","_links_to":"","_links_to_target":""},"categories":[98],"tags":[4390,4391,4392,4381,4387,4388,4389,4384,4383,4382,4386,4385],"class_list":["post-2069","post","type-post","status-publish","format-standard","hentry","category-haber","tag-2014-dolar-euro-tl-durumu","tag-27-aralik-dolar-kuru","tag-27-aralik-euro-kuru","tag-dolar","tag-dolar-2-2-tl-olur-mu","tag-dolar-2-5-tl-olur-mu","tag-dolar-2014-te-nasil-olacak","tag-dolar-daha-yukselir-mi","tag-dolar-euro-ne-kadar-yukselir","tag-euro","tag-euro-3-tl-olur-mu","tag-euro-yukselir"],"_links":{"self":[{"href":"https:\/\/www.mustafaozcan.info\/blog\/wp-json\/wp\/v2\/posts\/2069","targetHints":{"allow":["GET"]}}],"collection":[{"href":"https:\/\/www.mustafaozcan.info\/blog\/wp-json\/wp\/v2\/posts"}],"about":[{"href":"https:\/\/www.mustafaozcan.info\/blog\/wp-json\/wp\/v2\/types\/post"}],"author":[{"embeddable":true,"href":"https:\/\/www.mustafaozcan.info\/blog\/wp-json\/wp\/v2\/users\/1"}],"replies":[{"embeddable":true,"href":"https:\/\/www.mustafaozcan.info\/blog\/wp-json\/wp\/v2\/comments?post=2069"}],"version-history":[{"count":0,"href":"https:\/\/www.mustafaozcan.info\/blog\/wp-json\/wp\/v2\/posts\/2069\/revisions"}],"wp:attachment":[{"href":"https:\/\/www.mustafaozcan.info\/blog\/wp-json\/wp\/v2\/media?parent=2069"}],"wp:term":[{"taxonomy":"category","embeddable":true,"href":"https:\/\/www.mustafaozcan.info\/blog\/wp-json\/wp\/v2\/categories?post=2069"},{"taxonomy":"post_tag","embeddable":true,"href":"https:\/\/www.mustafaozcan.info\/blog\/wp-json\/wp\/v2\/tags?post=2069"}],"curies":[{"name":"wp","href":"https:\/\/api.w.org\/{rel}","templated":true}]}}