{"id":1495,"date":"2013-07-22T15:53:19","date_gmt":"2013-07-22T12:53:19","guid":{"rendered":"http:\/\/www.mustafaozcan.info\/blog\/?p=1495"},"modified":"2013-07-22T15:53:31","modified_gmt":"2013-07-22T12:53:31","slug":"lys-yerlestirme-sonuclari-2013-osym-tercih-sonuclari-22-temmuz","status":"publish","type":"post","link":"https:\/\/www.mustafaozcan.info\/blog\/lys-yerlestirme-sonuclari-2013-osym-tercih-sonuclari-22-temmuz.html","title":{"rendered":"16:00 LYS Yerle\u015ftirme Sonu\u00e7lar\u0131 2013 | \u00d6SYM Tercih Sonu\u00e7lar\u0131 22 Temmuz"},"content":{"rendered":"<div class=\"musta-icerikten-once\" style=\"margin-left: auto;margin-right: auto;text-align: center;\" id=\"musta-2049417494\"><div id=\"waldo-tag-4179\"><\/div><\/div><p>TRT Muhabirinin \u00d6SYM ile yapt\u0131\u011f\u0131 g\u00f6r\u00fc\u015fmeye g\u00f6re Yerle\u015ftirmeler \u015fu anda yap\u0131lm\u0131\u015f. Kontroller s\u00fcr\u00fcyor. Kontrol i\u015fleminden sonra yay\u0131nlanacak. Ancak bu i\u015flem yar\u0131n\u0131 bulacak gibi geliyor, bug\u00fcn de olabilir<\/p>\n<p><strong>LYS Yerle\u015ftirme Sonu\u00e7lar\u0131 2013<\/strong> bug\u00fcn a\u00e7\u0131klan\u0131yor.Saat <strong>15:00<\/strong>&#8216;da a\u00e7\u0131klanacak olan \u00d6SYM yerle\u015ftirme sonu\u00e7lar\u0131 22 Temmuz 2013 Pazartesi g\u00fcn\u00fc <strong>sonuc.osym.gov.tr<\/strong> adresinden a\u00e7\u0131klanaca\u011f\u0131 belirtildi.<strong>\u00d6SYM<\/strong> taraf\u0131ndan bu sene \u00e7ok h\u0131zl\u0131 geli\u015fen sonu\u00e7 a\u00e7\u0131klama s\u00fcreci \u00f6\u011frencileri \u015fa\u015f\u0131rtt\u0131.<\/p>\n<h1>LYS Yerle\u015ftirme Sonu\u00e7lar\u0131 2013<\/h1>\n<p><strong>\u00d6SYM<\/strong> taraf\u0131ndan <strong>18 Temmuz 2013<\/strong> g\u00fcn\u00fc tamamlanan<strong> LYS tercihleri<\/strong> bug\u00fcn a\u00e7\u0131klan\u0131yor.Birazdan a\u00e7\u0131klanacak olan<strong> 2013 LYS tercihleri<\/strong> 22 Temmuz 2013 g\u00fcn\u00fc k\u0131sa s\u00fcrede a\u00e7\u0131klanmas\u0131 \u00f6\u011frencileri heyecanland\u0131rd\u0131.<\/p>\n<p><iframe loading=\"lazy\" name=\"I1\" src=\"https:\/\/sonuc.osym.gov.tr\" height=\"640\" width=\"560\"><\/iframe><\/p>\n<p>Herkesin istedi\u011fi umar\u0131m yerine gelmi\u015ftir.LYS Yerle\u015ftirme sonu\u00e7lar\u0131n\u0131 bu sayfadan \u00f6\u011frenebileceksiniz.<\/p>\n<p>2013 \u00d6SYM Tercih Sonu\u00e7lar\u0131,<br \/>\n2013 \u00d6SYM Tercih Sonu\u00e7lar\u0131 A\u00e7\u0131kland\u0131 m\u0131,<br \/>\n2013 \u00d6SYM Tercih Sonu\u00e7lar\u0131 Ne Zaman A\u00e7\u0131klanacak,<br \/>\n2013 \u00d6SYM Tercih Sonu\u00e7lar\u0131 \u00d6\u011frenme,<br \/>\n2013 \u00d6SYM Tercih Sonu\u00e7lar\u0131 Sorgulama,<br \/>\n2013 \u00d6SYM Tercih Sonu\u00e7lar\u0131 Ne Zaman,<br \/>\n2013 \u00d6SYM Tercih Sonu\u00e7lar\u0131 LYS,<br \/>\n2013 \u00d6SYM Tercih Sonu\u00e7lar\u0131 YGS Tercih,<br \/>\n2013 \u00d6SYM Tercih Sonu\u00e7lar\u0131 Yerle\u015ftirme Sonu\u00e7lar\u0131,<br \/>\nYerle\u015ftirme Sonu\u00e7lar\u0131,<br \/>\nYerle\u015ftirme Sonu\u00e7lar\u0131 2013,<br \/>\nYerle\u015ftirme Sonu\u00e7lar\u0131 Tercih Sonu\u00e7lar\u0131,<br \/>\nSaat 15:00 LYS 2013 Tercih Sonu\u00e7lar\u0131 A\u00e7\u0131klanacak M\u0131?,<br \/>\nLYS Tercih Sonu\u00e7lar\u0131 Ne Zaman A\u00e7\u0131klanacak 22.07.2013 15:00,<br \/>\nSaat 15:00&#8217;da A\u00e7\u0131klanacak \u00d6SYM LYS Yerle\u015ftirme Sonu\u00e7lar\u0131 2013<\/p>\n<div class=\"musta-icerikten-sonra\" id=\"musta-1811651569\"><div id=\"waldo-tag-4184\"><\/div><\/div>","protected":false},"excerpt":{"rendered":"<p>TRT Muhabirinin \u00d6SYM ile yapt\u0131\u011f\u0131 g\u00f6r\u00fc\u015fmeye g\u00f6re Yerle\u015ftirmeler \u015fu anda yap\u0131lm\u0131\u015f. Kontroller s\u00fcr\u00fcyor. Kontrol i\u015fleminden sonra yay\u0131nlanacak. Ancak bu i\u015flem yar\u0131n\u0131 bulacak gibi geliyor, bug\u00fcn de olabilir LYS Yerle\u015ftirme Sonu\u00e7lar\u0131 2013 bug\u00fcn a\u00e7\u0131klan\u0131yor.Saat 15:00&#8216;da a\u00e7\u0131klanacak olan \u00d6SYM yerle\u015ftirme sonu\u00e7lar\u0131 22 Temmuz 2013 Pazartesi g\u00fcn\u00fc sonuc.osym.gov.tr adresinden a\u00e7\u0131klanaca\u011f\u0131 belirtildi.\u00d6SYM taraf\u0131ndan bu sene \u00e7ok h\u0131zl\u0131 geli\u015fen sonu\u00e7 [&hellip;]<\/p>\n","protected":false},"author":1,"featured_media":0,"comment_status":"open","ping_status":"closed","sticky":false,"template":"","format":"standard","meta":{"powered_cache_disable_cache":false,"powered_cache_disable_critical_css":false,"powered_cache_specific_critical_css":false,"powered_cache_disable_css_optimization":false,"powered_cache_disable_js_optimization":false,"powered_cache_disable_js_defer":false,"powered_cache_disable_js_delay":false,"footnotes":"","_links_to":"","_links_to_target":""},"categories":[98],"tags":[2655,2657,2660,2662,2666,2656,2663,2664,2658,2665,2668,2667,2672,2673,2674,2676,2675,2661,2659,2669,2670,2671,2678,2677],"class_list":["post-1495","post","type-post","status-publish","format-standard","hentry","category-haber","tag-2013-osym-tercih-sonuclari","tag-2013-osym-tercih-sonuclari-22-temmuz","tag-2013-osym-tercih-sonuclari-aciklanacak","tag-2013-osym-tercih-sonuclari-aciklandi-mi","tag-2013-osym-tercih-sonuclari-lys","tag-2013-osym-tercih-sonuclari-ne-zaman","tag-2013-osym-tercih-sonuclari-ne-zaman-aciklanacak","tag-2013-osym-tercih-sonuclari-ogrenme","tag-2013-osym-tercih-sonuclari-osym-gov-tr","tag-2013-osym-tercih-sonuclari-sorgulama","tag-2013-osym-tercih-sonuclari-yerlestirme-sonuclari","tag-2013-osym-tercih-sonuclari-ygs-tercih","tag-lys-yerlestirme-sonuclari","tag-lys-yerlestirme-sonuclari-2013","tag-lys-yerlestirme-sonuclari-osym","tag-lys-yerlestirme-sonuclari-osym-sonuc","tag-lys-yerlestirme-sonuclari-osym-gov-tr","tag-osym-yerlestirme-sonuclari-2013","tag-sonuc-osym-gov-tr","tag-yerlestirme-sonuclari","tag-yerlestirme-sonuclari-2013","tag-yerlestirme-sonuclari-tercih-sonuclari","tag-ygs-2013-yerlestirme-sonuclari","tag-ygs-yerlestirme-sonuclari"],"_links":{"self":[{"href":"https:\/\/www.mustafaozcan.info\/blog\/wp-json\/wp\/v2\/posts\/1495","targetHints":{"allow":["GET"]}}],"collection":[{"href":"https:\/\/www.mustafaozcan.info\/blog\/wp-json\/wp\/v2\/posts"}],"about":[{"href":"https:\/\/www.mustafaozcan.info\/blog\/wp-json\/wp\/v2\/types\/post"}],"author":[{"embeddable":true,"href":"https:\/\/www.mustafaozcan.info\/blog\/wp-json\/wp\/v2\/users\/1"}],"replies":[{"embeddable":true,"href":"https:\/\/www.mustafaozcan.info\/blog\/wp-json\/wp\/v2\/comments?post=1495"}],"version-history":[{"count":0,"href":"https:\/\/www.mustafaozcan.info\/blog\/wp-json\/wp\/v2\/posts\/1495\/revisions"}],"wp:attachment":[{"href":"https:\/\/www.mustafaozcan.info\/blog\/wp-json\/wp\/v2\/media?parent=1495"}],"wp:term":[{"taxonomy":"category","embeddable":true,"href":"https:\/\/www.mustafaozcan.info\/blog\/wp-json\/wp\/v2\/categories?post=1495"},{"taxonomy":"post_tag","embeddable":true,"href":"https:\/\/www.mustafaozcan.info\/blog\/wp-json\/wp\/v2\/tags?post=1495"}],"curies":[{"name":"wp","href":"https:\/\/api.w.org\/{rel}","templated":true}]}}