{"id":1490,"date":"2013-07-22T01:35:16","date_gmt":"2013-07-21T22:35:16","guid":{"rendered":"http:\/\/www.mustafaozcan.info\/blog\/?p=1490"},"modified":"2013-07-22T12:55:53","modified_gmt":"2013-07-22T09:55:53","slug":"2013-osym-tercih-sonuclari-yerlestirme-sonuclari-ne-zaman-aciklanacak","status":"publish","type":"post","link":"https:\/\/www.mustafaozcan.info\/blog\/2013-osym-tercih-sonuclari-yerlestirme-sonuclari-ne-zaman-aciklanacak.html","title":{"rendered":"2013 \u00d6SYM Tercih Sonu\u00e7lar\u0131 | Yerle\u015ftirme Sonu\u00e7lar\u0131 Ne Zaman A\u00e7\u0131klanacak"},"content":{"rendered":"<div class=\"musta-icerikten-once\" style=\"margin-left: auto;margin-right: auto;text-align: center;\" id=\"musta-4153069544\"><div id=\"waldo-tag-4179\"><\/div><\/div><p><strong>Tercih<\/strong> d\u00f6nemini <strong>18 Temmuz 2013<\/strong> g\u00fcn\u00fc bitiren \u00f6\u011frencilerin merakla bekledi\u011fi <strong>\u00d6SYM<\/strong> tercih sonu\u00e7lar\u0131 ne zman a\u00e7\u0131klanacak konusunda bilgi verelim<strong>.LYS tercih i\u015flemleri<\/strong> sonras\u0131 adaylar\u0131n merak\u0131nda olan yerle\u015ftirme sonu\u00e7lar\u0131 2013 \u00d6SYM sayfas\u0131ndan a\u00e7\u0131klanacak.Milyonlarca ki\u015finin merakla bekledi\u011fi bu heyecan dolu sonu\u00e7lar\u0131 sizlere bu sayfadan sunaca\u011f\u0131z.<\/p>\n<p><iframe loading=\"lazy\" name=\"I1\" src=\"https:\/\/sonuc.osym.gov.tr\" height=\"640\" width=\"560\"><\/iframe><\/p>\n<p>Ge\u00e7en hafta \u00d6SYM&#8217;den yap\u0131lan a\u00e7\u0131klamaya g\u00f6re <em><span style=\"text-decoration: underline;\"><strong>Tercih Sonu\u00e7lar\u0131 2013<\/strong><\/span><\/em> bir hafta sonra a\u00e7\u0131klanaca\u011f\u0131 belirtilmi\u015fti.22 Temmuz 2013 g\u00fcn\u00fcndeyiz ve bug\u00fcn saat 15:00&#8217;da a\u00e7\u0131klanaca\u011f\u0131 belirtilen tercih sonu\u00e7lar\u0131 (<strong>\u00f6sym yerle\u015ftirme sonu\u00e7lar\u0131<\/strong>) web sitemizde.<\/p>\n<h1>2013 tercih sonu\u00e7lar\u0131 ne zaman a\u00e7\u0131klanacak<\/h1>\n<p>Herkesin merakla bekledi\u011fi tercih sonu\u00e7lar\u0131n\u0131 bu sayfadan <strong>\u00d6SYM internet sayfas\u0131ndan<\/strong> yay\u0131nlan\u0131r yay\u0131nlanmaz ula\u015fabileceksiniz.<strong>sonuc.osym.gov.tr<\/strong> sitesinde yay\u0131nlanacak olan \u00d6SYM 2013 Yerle\u015ftirme Sonu\u00e7lar\u0131 (<strong>YGS ve LYS Puanlar\u0131 Dahi<\/strong>l) sonu\u00e7lar\u0131 herkesin merak\u0131nda olan bu zorlu s\u00fcre\u00e7 a\u00e7\u0131klan\u0131p herkesin rahata kavu\u015fmas\u0131n\u0131 umut ediyoruz.<\/p>\n<figure id=\"attachment_1491\" aria-describedby=\"caption-attachment-1491\" style=\"width: 397px\" class=\"wp-caption aligncenter\"><a href=\"https:\/\/www.mustafaozcan.info\/blog\/wp-content\/uploads\/2013\/07\/tercih-sonuclari.jpg\"><img loading=\"lazy\" decoding=\"async\" class=\"size-full wp-image-1491\" alt=\"2013 \u00d6SYM \u00dcniversite Tercih Sonu\u00e7lar\u0131\" src=\"https:\/\/www.mustafaozcan.info\/blog\/wp-content\/uploads\/2013\/07\/tercih-sonuclari.jpg\" width=\"397\" height=\"302\" srcset=\"https:\/\/www.mustafaozcan.info\/blog\/wp-content\/uploads\/2013\/07\/tercih-sonuclari.jpg 397w, https:\/\/www.mustafaozcan.info\/blog\/wp-content\/uploads\/2013\/07\/tercih-sonuclari-300x228.jpg 300w\" sizes=\"auto, (max-width: 397px) 100vw, 397px\" \/><\/a><figcaption id=\"caption-attachment-1491\" class=\"wp-caption-text\">2013 \u00d6SYM \u00dcniversite Tercih Sonu\u00e7lar\u0131<\/figcaption><\/figure>\n<p>Size ilginizi \u00e7ekebilecek \u00f6neriler:<\/p>\n<ul>\n<li><strong>2013 \u00d6SYM Tercih Sonu\u00e7lar\u0131<\/strong><\/li>\n<li>2013 \u00d6SYM Tercih Sonu\u00e7lar\u0131 A\u00e7\u0131kland\u0131 m\u0131<\/li>\n<li>2013 \u00d6SYM Tercih Sonu\u00e7lar\u0131 Ne Zaman A\u00e7\u0131klanacak<\/li>\n<li>2013 \u00d6SYM Tercih Sonu\u00e7lar\u0131 \u00d6\u011frenme<\/li>\n<li>2013 \u00d6SYM Tercih Sonu\u00e7lar\u0131 Sorgulama<\/li>\n<li>2013 \u00d6SYM Tercih Sonu\u00e7lar\u0131 Ne Zaman<\/li>\n<li>2013 \u00d6SYM Tercih Sonu\u00e7lar\u0131 LYS<\/li>\n<li>2013 \u00d6SYM Tercih Sonu\u00e7lar\u0131 YGS Tercih<\/li>\n<li><em><span style=\"text-decoration: underline;\">2013 \u00d6SYM Tercih Sonu\u00e7lar\u0131 Yerle\u015ftirme Sonu\u00e7lar\u0131<\/span><\/em><\/li>\n<li>Yerle\u015ftirme Sonu\u00e7lar\u0131<\/li>\n<li><strong>Yerle\u015ftirme Sonu\u00e7lar\u0131 2013<\/strong><\/li>\n<li>Yerle\u015ftirme Sonu\u00e7lar\u0131 Tercih Sonu\u00e7lar\u0131<\/li>\n<\/ul>\n<div class=\"musta-icerikten-sonra\" id=\"musta-1343434966\"><div id=\"waldo-tag-4184\"><\/div><\/div>","protected":false},"excerpt":{"rendered":"<p>Tercih d\u00f6nemini 18 Temmuz 2013 g\u00fcn\u00fc bitiren \u00f6\u011frencilerin merakla bekledi\u011fi \u00d6SYM tercih sonu\u00e7lar\u0131 ne zman a\u00e7\u0131klanacak konusunda bilgi verelim.LYS tercih i\u015flemleri sonras\u0131 adaylar\u0131n merak\u0131nda olan yerle\u015ftirme sonu\u00e7lar\u0131 2013 \u00d6SYM sayfas\u0131ndan a\u00e7\u0131klanacak.Milyonlarca ki\u015finin merakla bekledi\u011fi bu heyecan dolu sonu\u00e7lar\u0131 sizlere bu sayfadan sunaca\u011f\u0131z. Ge\u00e7en hafta \u00d6SYM&#8217;den yap\u0131lan a\u00e7\u0131klamaya g\u00f6re Tercih Sonu\u00e7lar\u0131 2013 bir hafta sonra a\u00e7\u0131klanaca\u011f\u0131 [&hellip;]<\/p>\n","protected":false},"author":1,"featured_media":0,"comment_status":"open","ping_status":"closed","sticky":false,"template":"","format":"standard","meta":{"powered_cache_disable_cache":false,"powered_cache_disable_critical_css":false,"powered_cache_specific_critical_css":false,"powered_cache_disable_css_optimization":false,"powered_cache_disable_js_optimization":false,"powered_cache_disable_js_defer":false,"powered_cache_disable_js_delay":false,"footnotes":"","_links_to":"","_links_to_target":""},"categories":[1302],"tags":[2655,2657,2660,2656,2658,2661,2659],"class_list":["post-1490","post","type-post","status-publish","format-standard","hentry","category-tercih","tag-2013-osym-tercih-sonuclari","tag-2013-osym-tercih-sonuclari-22-temmuz","tag-2013-osym-tercih-sonuclari-aciklanacak","tag-2013-osym-tercih-sonuclari-ne-zaman","tag-2013-osym-tercih-sonuclari-osym-gov-tr","tag-osym-yerlestirme-sonuclari-2013","tag-sonuc-osym-gov-tr"],"_links":{"self":[{"href":"https:\/\/www.mustafaozcan.info\/blog\/wp-json\/wp\/v2\/posts\/1490","targetHints":{"allow":["GET"]}}],"collection":[{"href":"https:\/\/www.mustafaozcan.info\/blog\/wp-json\/wp\/v2\/posts"}],"about":[{"href":"https:\/\/www.mustafaozcan.info\/blog\/wp-json\/wp\/v2\/types\/post"}],"author":[{"embeddable":true,"href":"https:\/\/www.mustafaozcan.info\/blog\/wp-json\/wp\/v2\/users\/1"}],"replies":[{"embeddable":true,"href":"https:\/\/www.mustafaozcan.info\/blog\/wp-json\/wp\/v2\/comments?post=1490"}],"version-history":[{"count":0,"href":"https:\/\/www.mustafaozcan.info\/blog\/wp-json\/wp\/v2\/posts\/1490\/revisions"}],"wp:attachment":[{"href":"https:\/\/www.mustafaozcan.info\/blog\/wp-json\/wp\/v2\/media?parent=1490"}],"wp:term":[{"taxonomy":"category","embeddable":true,"href":"https:\/\/www.mustafaozcan.info\/blog\/wp-json\/wp\/v2\/categories?post=1490"},{"taxonomy":"post_tag","embeddable":true,"href":"https:\/\/www.mustafaozcan.info\/blog\/wp-json\/wp\/v2\/tags?post=1490"}],"curies":[{"name":"wp","href":"https:\/\/api.w.org\/{rel}","templated":true}]}}