{"id":1337,"date":"2013-07-12T15:04:31","date_gmt":"2013-07-12T12:04:31","guid":{"rendered":"http:\/\/www.mustafaozcan.info\/blog\/?p=1337"},"modified":"2013-07-12T15:04:31","modified_gmt":"2013-07-12T12:04:31","slug":"fenerbahceli-yildiz-michal-kadlec-fifa-14-kapak-resmi-oldu","status":"publish","type":"post","link":"https:\/\/www.mustafaozcan.info\/blog\/fenerbahceli-yildiz-michal-kadlec-fifa-14-kapak-resmi-oldu.html","title":{"rendered":"Fenerbah\u00e7eli Y\u0131ld\u0131z Michal Kadlec &#8220;Fifa 14&#8221; Kapak Resmi Oldu"},"content":{"rendered":"<div class=\"musta-icerikten-once\" style=\"margin-left: auto;margin-right: auto;text-align: center;\" id=\"musta-1196504405\"><div id=\"waldo-tag-4179\"><\/div><\/div><p><strong>Fenerbah\u00e7e<\/strong>&#8216;li gen\u00e7 y\u0131ld\u0131z\u00a0<em><strong>Michal Kadlec<\/strong><\/em> Fifa 14&#8217;\u00fcn kapak resmi oldu.Fenerbah\u00e7e&#8217;nin B<strong>ayern Leverkusen<\/strong>&#8216;den\u00a0transfer etti\u011fi\u00a0\u00c7ek\u00a0oyuncu\u00a0<strong>Michal Kadlec<\/strong> \u00fclkesi \u00c7ek Cumhuriyetinde sat\u0131\u015fa\u00a0sunulacak\u00a0olan <span style=\"text-decoration: underline;\">FIFA 14<\/span>\u00a0oyununun\u00a0kapa\u011f\u0131nda\u00a0yer\u00a0ald\u0131.<\/p>\n<h1>Fifa 14<\/h1>\n<p><img loading=\"lazy\" decoding=\"async\" class=\"alignnone\" alt=\"\" src=\"http:\/\/2.bp.blogspot.com\/-CIMbJ7ZKRKk\/Ud_wcyA98RI\/AAAAAAAADAg\/2su6vzBy4do\/s1600\/fifa14.png\" width=\"353\" height=\"498\" \/><\/p>\n<p>D\u00fcnyaca\u00a0\u00fcnl\u00fc\u00a0futbolcu\u00a0<strong>Lionel\u00a0Messi\u00a0<\/strong>ile\u00a0birlikte\u00a0oyunun\u00a0kapa\u011f\u0131n\u0131 s\u00fcsleyen <strong>Kadlec<\/strong>\u00a0twitter hesab\u0131ndan yapt\u0131\u011f\u0131 a\u00e7\u0131klamada &#8221;\u00c7ok te\u015fekk\u00fcr ederim. R\u00fcyalar\u0131m\u00a0ger\u00e7ek\u00a0oldu&#8221; diye yazd\u0131.<\/p>\n<div class=\"musta-icerikten-sonra\" id=\"musta-4026380043\"><div id=\"waldo-tag-4184\"><\/div><\/div>","protected":false},"excerpt":{"rendered":"<p>Fenerbah\u00e7e&#8216;li gen\u00e7 y\u0131ld\u0131z\u00a0Michal Kadlec Fifa 14&#8217;\u00fcn kapak resmi oldu.Fenerbah\u00e7e&#8217;nin Bayern Leverkusen&#8216;den\u00a0transfer etti\u011fi\u00a0\u00c7ek\u00a0oyuncu\u00a0Michal Kadlec \u00fclkesi \u00c7ek Cumhuriyetinde sat\u0131\u015fa\u00a0sunulacak\u00a0olan FIFA 14\u00a0oyununun\u00a0kapa\u011f\u0131nda\u00a0yer\u00a0ald\u0131. Fifa 14 D\u00fcnyaca\u00a0\u00fcnl\u00fc\u00a0futbolcu\u00a0Lionel\u00a0Messi\u00a0ile\u00a0birlikte\u00a0oyunun\u00a0kapa\u011f\u0131n\u0131 s\u00fcsleyen Kadlec\u00a0twitter hesab\u0131ndan yapt\u0131\u011f\u0131 a\u00e7\u0131klamada &#8221;\u00c7ok te\u015fekk\u00fcr ederim. R\u00fcyalar\u0131m\u00a0ger\u00e7ek\u00a0oldu&#8221; diye yazd\u0131.<\/p>\n","protected":false},"author":1,"featured_media":0,"comment_status":"open","ping_status":"closed","sticky":false,"template":"","format":"standard","meta":{"powered_cache_disable_cache":false,"powered_cache_disable_critical_css":false,"powered_cache_specific_critical_css":false,"powered_cache_disable_css_optimization":false,"powered_cache_disable_js_optimization":false,"powered_cache_disable_js_defer":false,"powered_cache_disable_js_delay":false,"footnotes":"","_links_to":"","_links_to_target":""},"categories":[129],"tags":[2240,18,2241,919,2243,620,2244,2242,2238,2236,2232,2239,2235,917,2245,2233,20,2237,2234],"class_list":["post-1337","post","type-post","status-publish","format-standard","hentry","category-oyun","tag-2240","tag-fenerbahce","tag-fenerbahce-haberleri","tag-fenerbahce-transfer","tag-fifa-14-kapak-resmi","tag-fifa-2014","tag-fifa-2014-kadlec","tag-fifa-2014-kapak-resmi","tag-futbol","tag-futbol-haberleri","tag-istanbul","tag-kadlec","tag-kadlec-fifa-2014-kapak","tag-michal-kadlec","tag-michal-kadlec-fifa-2014-kapak","tag-sukru-saracoglu","tag-super-lig","tag-transfer","tag-transfer-haberleri"],"_links":{"self":[{"href":"https:\/\/www.mustafaozcan.info\/blog\/wp-json\/wp\/v2\/posts\/1337","targetHints":{"allow":["GET"]}}],"collection":[{"href":"https:\/\/www.mustafaozcan.info\/blog\/wp-json\/wp\/v2\/posts"}],"about":[{"href":"https:\/\/www.mustafaozcan.info\/blog\/wp-json\/wp\/v2\/types\/post"}],"author":[{"embeddable":true,"href":"https:\/\/www.mustafaozcan.info\/blog\/wp-json\/wp\/v2\/users\/1"}],"replies":[{"embeddable":true,"href":"https:\/\/www.mustafaozcan.info\/blog\/wp-json\/wp\/v2\/comments?post=1337"}],"version-history":[{"count":0,"href":"https:\/\/www.mustafaozcan.info\/blog\/wp-json\/wp\/v2\/posts\/1337\/revisions"}],"wp:attachment":[{"href":"https:\/\/www.mustafaozcan.info\/blog\/wp-json\/wp\/v2\/media?parent=1337"}],"wp:term":[{"taxonomy":"category","embeddable":true,"href":"https:\/\/www.mustafaozcan.info\/blog\/wp-json\/wp\/v2\/categories?post=1337"},{"taxonomy":"post_tag","embeddable":true,"href":"https:\/\/www.mustafaozcan.info\/blog\/wp-json\/wp\/v2\/tags?post=1337"}],"curies":[{"name":"wp","href":"https:\/\/api.w.org\/{rel}","templated":true}]}}