{"id":1165,"date":"2013-07-03T11:46:46","date_gmt":"2013-07-03T08:46:46","guid":{"rendered":"http:\/\/www.mustafaozcan.info\/blog\/?p=1165"},"modified":"2013-07-03T11:46:21","modified_gmt":"2013-07-03T08:46:21","slug":"franz-kafka-kimdir-3-temmuz-2013","status":"publish","type":"post","link":"https:\/\/www.mustafaozcan.info\/blog\/franz-kafka-kimdir-3-temmuz-2013.html","title":{"rendered":"Franz Kafka Kimdir 3 Temmuz 2013"},"content":{"rendered":"<div class=\"musta-icerikten-once\" style=\"margin-left: auto;margin-right: auto;text-align: center;\" id=\"musta-3312819581\"><div id=\"waldo-tag-4179\"><\/div><\/div><p>Bug\u00fcn Google Doodle ile <strong>Franz Kafka<\/strong>&#8216;y\u0131 and\u0131.Franz<strong> Kafka 3 Temmuz 2013<\/strong> g\u00fcn\u00fc saatler 00:00&#8217;\u0131 g\u00f6sterdi\u011finde <strong>T\u00fcrkiye&#8217;<\/strong>de anasayfas\u0131n\u0131 s\u00fcsledi.Hikayelerini varol\u015fuluk \u00fcst\u00fcne yazan Kafka hakk\u0131nda bilgi verelim.<\/p>\n<h1>Franz Kafka<\/h1>\n<p>Google&#8217;\u0131n Doodle ile \u00a0kutland\u0131.\u00a0Prag\u00a0do\u011fumlu, Almanca yazan \u00fcnl\u00fc <strong>\u00c7ek d\u00fc\u015f\u00fcn\u00fcr<\/strong> art\u0131k 130 ya\u015f\u0131nda <strong>Google<\/strong> taraf\u0131ndan ya\u015fat\u0131ld\u0131.Google bu anasayfa ile \u00a0an\u0131ld\u0131. <strong>3 Haziran 1924<\/strong> tarihinde g\u0131rtlak t\u00fcberk\u00fclozunun sebebiyle yetersiz beslenme sonucu Viyana yak\u0131nlar\u0131nda hayata g\u00f6zlerini kapatan <strong>Franz Kafka<\/strong> eserlerine g\u00f6z atal\u0131m.<\/p>\n<p><img loading=\"lazy\" decoding=\"async\" class=\"alignnone\" alt=\"\" src=\"http:\/\/i.milliyet.com.tr\/GazeteHaberIciResim\/2013\/07\/02\/fft16_mf3422172.Jpeg\" width=\"580\" height=\"273\" \/><\/p>\n<h1>Franz Kafka S\u00f6zleri<\/h1>\n<p><img loading=\"lazy\" decoding=\"async\" class=\"alignnone\" alt=\"\" src=\"http:\/\/redroom.com\/files\/images\/Franz_Kafka_Brief_an_den_Vater_.gif\" width=\"450\" height=\"628\" \/><\/p>\n<p>Aforizmalar\u0131 ile \u00fcnl\u00fc olan Franz Kafka&#8217;n\u0131n en \u00fcnl\u00fc s\u00f6zlerinden biri <em><strong>&#8220;karanl\u0131k derinliklere yeterince uzun s\u00fcre bakarsan o da sana bakar. Canavarlarla sava\u015fan ki\u015fi bu s\u0131rada onlardan birine d\u00f6n\u00fc\u015fmedi\u011finden emin olmal\u0131d\u0131r&#8221;<\/strong><\/em><\/p>\n<p><strong>Franz Kafka Kitaplar\u0131<\/strong><br \/>\nFranza Kafka eserleri Almanca yazm\u0131\u015ft\u0131r. Hayatta oldu\u011fu s\u00fcre i\u00e7erisinde 7 kitap yazm\u0131\u015f, bunlar\u0131n yan\u0131nda 3 tamamlanmam\u0131\u015f roman ve bir \u00e7ok mektup ve g\u00fcnl\u00fck b\u0131rakm\u0131\u015ft\u0131r. En tan\u0131nm\u0131\u015f eserleri Die Verwandlung (D\u00f6n\u00fc\u015f\u00fcm), Der Process (Dava) ve Das Schloss (\u015eato) &#8216;dur.<\/p>\n<p>Kafka&#8217;n\u0131n \u00f6nemli eserleri:<\/p>\n<p><a href=\"https:\/\/www.mustafaozcan.info\/blog\/wp-content\/uploads\/2013\/07\/200px-Kafka_portrait.jpg\"><img loading=\"lazy\" decoding=\"async\" class=\"aligncenter size-full wp-image-1167\" alt=\"200px-Kafka_portrait\" src=\"https:\/\/www.mustafaozcan.info\/blog\/wp-content\/uploads\/2013\/07\/200px-Kafka_portrait.jpg\" width=\"200\" height=\"267\" \/><\/a> <a href=\"https:\/\/www.mustafaozcan.info\/blog\/wp-content\/uploads\/2013\/07\/franzkadka-who-is-kafka-franz-kimdir-hayati.jpg\"><br \/>\n<\/a> <a href=\"https:\/\/www.mustafaozcan.info\/blog\/wp-content\/uploads\/2013\/07\/franz-kafka-kimdir.jpg\"><img loading=\"lazy\" decoding=\"async\" class=\"aligncenter size-full wp-image-1169\" alt=\"franz-kafka-kimdir\" src=\"https:\/\/www.mustafaozcan.info\/blog\/wp-content\/uploads\/2013\/07\/franz-kafka-kimdir.jpg\" width=\"385\" height=\"557\" srcset=\"https:\/\/www.mustafaozcan.info\/blog\/wp-content\/uploads\/2013\/07\/franz-kafka-kimdir.jpg 385w, https:\/\/www.mustafaozcan.info\/blog\/wp-content\/uploads\/2013\/07\/franz-kafka-kimdir-207x300.jpg 207w\" sizes=\"auto, (max-width: 385px) 100vw, 385px\" \/><\/a> <a href=\"https:\/\/www.mustafaozcan.info\/blog\/wp-content\/uploads\/2013\/07\/kafka.jpg\"><br \/>\n<\/a><\/p>\n<ul>\n<li>1915 &#8211; Die Verwandlung (D\u00f6n\u00fc\u015f\u00fcm)<\/li>\n<li>1916\u20131917 \u2013 Die Br\u00fccke (K\u00f6pr\u00fc)<\/li>\n<li>1918 \u2013 Ein Landarzt (Bir K\u00f6y Hekimi)<\/li>\n<li>1919 \u2013 Brief an den Vater (Babaya Mektup)<\/li>\n<li>1925 \u2013 Der Prozess (Dava)<\/li>\n<li>1926 \u2013 Das Schloss (\u015eato)<\/li>\n<\/ul>\n<p><a href=\"https:\/\/www.mustafaozcan.info\/blog\/wp-content\/uploads\/2013\/07\/kafka.jpg\"><img loading=\"lazy\" decoding=\"async\" alt=\"kafka\" src=\"https:\/\/www.mustafaozcan.info\/blog\/wp-content\/uploads\/2013\/07\/kafka.jpg\" width=\"226\" height=\"320\" \/><\/a><\/p>\n<p>&nbsp;<\/p>\n<p>&nbsp;<\/p>\n<figure style=\"width: 385px\" class=\"wp-caption alignnone\"><img loading=\"lazy\" decoding=\"async\" alt=\"Franz Kafka\" src=\"http:\/\/img580.imageshack.us\/img580\/1024\/franzkafka3.jpg\" width=\"385\" height=\"557\" \/><figcaption class=\"wp-caption-text\">Franz Kafka<\/figcaption><\/figure>\n<p>&nbsp;<\/p>\n<p><img loading=\"lazy\" decoding=\"async\" class=\"alignnone\" alt=\"\" src=\"http:\/\/static.guim.co.uk\/sys-images\/Guardian\/About\/General\/2010\/7\/21\/1279720605160\/Czech-author-Franz-Kafka-006.jpg\" width=\"460\" height=\"276\" \/><img loading=\"lazy\" decoding=\"async\" class=\"alignnone\" alt=\"\" src=\"http:\/\/images.zeit.de\/kultur\/literatur\/2010-05\/franz-kafka\/franz-kafka-540x304.jpg\" width=\"540\" height=\"304\" \/><\/p>\n<div class=\"musta-icerikten-sonra\" id=\"musta-1978684259\"><div id=\"waldo-tag-4184\"><\/div><\/div>","protected":false},"excerpt":{"rendered":"<p>Bug\u00fcn Google Doodle ile Franz Kafka&#8216;y\u0131 and\u0131.Franz Kafka 3 Temmuz 2013 g\u00fcn\u00fc saatler 00:00&#8217;\u0131 g\u00f6sterdi\u011finde T\u00fcrkiye&#8217;de anasayfas\u0131n\u0131 s\u00fcsledi.Hikayelerini varol\u015fuluk \u00fcst\u00fcne yazan Kafka hakk\u0131nda bilgi verelim. Franz Kafka Google&#8217;\u0131n Doodle ile \u00a0kutland\u0131.\u00a0Prag\u00a0do\u011fumlu, Almanca yazan \u00fcnl\u00fc \u00c7ek d\u00fc\u015f\u00fcn\u00fcr art\u0131k 130 ya\u015f\u0131nda Google taraf\u0131ndan ya\u015fat\u0131ld\u0131.Google bu anasayfa ile \u00a0an\u0131ld\u0131. 3 Haziran 1924 tarihinde g\u0131rtlak t\u00fcberk\u00fclozunun sebebiyle yetersiz beslenme [&hellip;]<\/p>\n","protected":false},"author":1,"featured_media":0,"comment_status":"open","ping_status":"closed","sticky":false,"template":"","format":"standard","meta":{"powered_cache_disable_cache":false,"powered_cache_disable_critical_css":false,"powered_cache_specific_critical_css":false,"powered_cache_disable_css_optimization":false,"powered_cache_disable_js_optimization":false,"powered_cache_disable_js_defer":false,"powered_cache_disable_js_delay":false,"footnotes":"","_links_to":"","_links_to_target":""},"categories":[98],"tags":[1493,1492,1491,1483,1486,1489,1488,1487,1484,1485,1490,1494],"class_list":["post-1165","post","type-post","status-publish","format-standard","hentry","category-haber","tag-3-temmuz-2013-franz-kafka","tag-eserleri-franz-kafka","tag-franz","tag-franz-kafka","tag-franz-kafka-eserleri","tag-franz-kafka-franz","tag-franz-kafka-google","tag-franz-kafka-google-anasayfasi","tag-franz-kafka-kimdir","tag-franz-kafka-resimleri","tag-kafka","tag-kafka-resimleri"],"_links":{"self":[{"href":"https:\/\/www.mustafaozcan.info\/blog\/wp-json\/wp\/v2\/posts\/1165","targetHints":{"allow":["GET"]}}],"collection":[{"href":"https:\/\/www.mustafaozcan.info\/blog\/wp-json\/wp\/v2\/posts"}],"about":[{"href":"https:\/\/www.mustafaozcan.info\/blog\/wp-json\/wp\/v2\/types\/post"}],"author":[{"embeddable":true,"href":"https:\/\/www.mustafaozcan.info\/blog\/wp-json\/wp\/v2\/users\/1"}],"replies":[{"embeddable":true,"href":"https:\/\/www.mustafaozcan.info\/blog\/wp-json\/wp\/v2\/comments?post=1165"}],"version-history":[{"count":0,"href":"https:\/\/www.mustafaozcan.info\/blog\/wp-json\/wp\/v2\/posts\/1165\/revisions"}],"wp:attachment":[{"href":"https:\/\/www.mustafaozcan.info\/blog\/wp-json\/wp\/v2\/media?parent=1165"}],"wp:term":[{"taxonomy":"category","embeddable":true,"href":"https:\/\/www.mustafaozcan.info\/blog\/wp-json\/wp\/v2\/categories?post=1165"},{"taxonomy":"post_tag","embeddable":true,"href":"https:\/\/www.mustafaozcan.info\/blog\/wp-json\/wp\/v2\/tags?post=1165"}],"curies":[{"name":"wp","href":"https:\/\/api.w.org\/{rel}","templated":true}]}}