{"id":537,"date":"2013-06-02T17:00:03","date_gmt":"2013-06-02T14:00:03","guid":{"rendered":"http:\/\/www.mustafaozcan.info\/blog\/?p=537"},"modified":"2013-06-02T17:06:59","modified_gmt":"2013-06-02T14:06:59","slug":"twitter-denen-bir-bela-var-toplumun-bas-belasi-twitter","status":"publish","type":"post","link":"http:\/\/www.mustafaozcan.info\/blog\/twitter-denen-bir-bela-var-toplumun-bas-belasi-twitter.html","title":{"rendered":"Twitter denen bir bela var! | Toplumun Ba\u015f Belas\u0131 &#8211; Twitter"},"content":{"rendered":"<div class=\"musta-icerikten-once\" style=\"margin-left: auto;margin-right: auto;text-align: center;\" id=\"musta-1273425320\"><div id=\"waldo-tag-4179\"><\/div><\/div><p>\u015euanda Twitter denen bir bela var,toplumun ba\u015f belas\u0131d\u0131r.19 May\u0131s 2013 g\u00fcn\u00fc gitti\u011fi Silikon Vadisinde yapt\u0131\u011f\u0131 incelemelere ne oldu? &#8221; Twitter denen bir bela!&#8221; b\u00f6yle bir \u00fclkeye yap\u0131lan servislere yaz\u0131k.<\/p>\n<p><a href=\"https:\/\/www.mustafaozcan.info\/blog\/wp-content\/uploads\/2013\/06\/silikon-vadisi-google.jpg\"><img loading=\"lazy\" decoding=\"async\" class=\"aligncenter size-full wp-image-542\" alt=\"silikon-vadisi-google\" src=\"https:\/\/www.mustafaozcan.info\/blog\/wp-content\/uploads\/2013\/06\/silikon-vadisi-google.jpg\" width=\"609\" height=\"384\" srcset=\"http:\/\/www.mustafaozcan.info\/blog\/wp-content\/uploads\/2013\/06\/silikon-vadisi-google.jpg 609w, http:\/\/www.mustafaozcan.info\/blog\/wp-content\/uploads\/2013\/06\/silikon-vadisi-google-300x189.jpg 300w\" sizes=\"auto, (max-width: 609px) 100vw, 609px\" \/><\/a><\/p>\n<p>T\u00fcrkiye&#8217;nin bir Ba\u015fbakan\u0131 kendi kulland\u0131\u011f\u0131 gidip inceledi\u011fi bilmem ne yapt\u0131\u011f\u0131 Ba\u015fbakan Recep Tayyip Erdo\u011fan, d\u00fcnyaca \u00fcnl\u00fc bili\u015fim firmalar\u0131n\u0131n bulundu\u011fu San Francisco&#8217;daki Silikon Vadisi&#8217;ni ziyaret etti.<\/p>\n<p><strong>\u201cTwitter denilen bir bela var. Yalan\u0131n daniskas\u0131 burada. Bu sosyal medya denilen \u015fey asl\u0131nda \u015fu anda bana g\u00f6re toplumlar\u0131n ba\u015f belas\u0131d\u0131r\u201d<\/strong>\u00a0dedi.<\/p>\n<p><a href=\"https:\/\/www.mustafaozcan.info\/blog\/wp-content\/uploads\/2013\/06\/twitter-gibi-bir-bela.jpg\"><img loading=\"lazy\" decoding=\"async\" class=\"aligncenter size-full wp-image-538\" alt=\"twitter-gibi-bir-bela\" src=\"https:\/\/www.mustafaozcan.info\/blog\/wp-content\/uploads\/2013\/06\/twitter-gibi-bir-bela.jpg\" width=\"290\" height=\"298\" \/><\/a><\/p>\n<p>Teknolojisi \u00f6z\u00fcrl\u00fcs\u00fc bir \u00fclkeyiz! Bug\u00fcn Habert\u00fcrk&#8217;e \u00e7\u0131kan Recep Tayyip Erdo\u011fan s\u00f6yledi\u011fi bu s\u00f6z ile ger\u00e7ekten hayal k\u0131r\u0131kl\u0131\u011f\u0131na u\u011fratt\u0131 beni.<\/p>\n<p>Sonra Fatih projesi bilmem ne bunlar hikaye.B\u00f6yle adamlar oldu\u011fu s\u00fcrece bu \u00fclke daha \u00e7ok geriler!<\/p>\n<p>&nbsp;<\/p>\n<div class=\"musta-icerikten-sonra\" id=\"musta-67146064\"><div id=\"waldo-tag-4184\"><\/div><\/div>","protected":false},"excerpt":{"rendered":"<p>\u015euanda Twitter denen bir bela var,toplumun ba\u015f belas\u0131d\u0131r.19 May\u0131s 2013 g\u00fcn\u00fc gitti\u011fi Silikon Vadisinde yapt\u0131\u011f\u0131 incelemelere ne oldu? &#8221; Twitter denen bir bela!&#8221; b\u00f6yle bir \u00fclkeye yap\u0131lan servislere yaz\u0131k. T\u00fcrkiye&#8217;nin bir Ba\u015fbakan\u0131 kendi kulland\u0131\u011f\u0131 gidip inceledi\u011fi bilmem ne yapt\u0131\u011f\u0131 Ba\u015fbakan Recep Tayyip Erdo\u011fan, d\u00fcnyaca \u00fcnl\u00fc bili\u015fim firmalar\u0131n\u0131n bulundu\u011fu San Francisco&#8217;daki Silikon Vadisi&#8217;ni ziyaret etti. \u201cTwitter [&hellip;]<\/p>\n","protected":false},"author":1,"featured_media":0,"comment_status":"open","ping_status":"open","sticky":false,"template":"","format":"standard","meta":{"powered_cache_disable_cache":false,"powered_cache_disable_critical_css":false,"powered_cache_specific_critical_css":false,"powered_cache_disable_css_optimization":false,"powered_cache_disable_js_optimization":false,"powered_cache_disable_js_defer":false,"powered_cache_disable_js_delay":false,"footnotes":"","_links_to":"","_links_to_target":""},"categories":[98],"tags":[450,449,446,448,447],"class_list":["post-537","post","type-post","status-publish","format-standard","hentry","category-haber","tag-basbakan-twitter","tag-tayyip-erdogan-twitter","tag-twitter","tag-twitter-gibi-bir-bela","tag-twitteri-kotuleyen-soz"],"_links":{"self":[{"href":"http:\/\/www.mustafaozcan.info\/blog\/wp-json\/wp\/v2\/posts\/537","targetHints":{"allow":["GET"]}}],"collection":[{"href":"http:\/\/www.mustafaozcan.info\/blog\/wp-json\/wp\/v2\/posts"}],"about":[{"href":"http:\/\/www.mustafaozcan.info\/blog\/wp-json\/wp\/v2\/types\/post"}],"author":[{"embeddable":true,"href":"http:\/\/www.mustafaozcan.info\/blog\/wp-json\/wp\/v2\/users\/1"}],"replies":[{"embeddable":true,"href":"http:\/\/www.mustafaozcan.info\/blog\/wp-json\/wp\/v2\/comments?post=537"}],"version-history":[{"count":0,"href":"http:\/\/www.mustafaozcan.info\/blog\/wp-json\/wp\/v2\/posts\/537\/revisions"}],"wp:attachment":[{"href":"http:\/\/www.mustafaozcan.info\/blog\/wp-json\/wp\/v2\/media?parent=537"}],"wp:term":[{"taxonomy":"category","embeddable":true,"href":"http:\/\/www.mustafaozcan.info\/blog\/wp-json\/wp\/v2\/categories?post=537"},{"taxonomy":"post_tag","embeddable":true,"href":"http:\/\/www.mustafaozcan.info\/blog\/wp-json\/wp\/v2\/tags?post=537"}],"curies":[{"name":"wp","href":"https:\/\/api.w.org\/{rel}","templated":true}]}}