{"id":341,"date":"2013-05-22T19:59:42","date_gmt":"2013-05-22T16:59:42","guid":{"rendered":"http:\/\/www.mustafaozcan.info\/blog\/?p=341"},"modified":"2013-05-22T20:04:56","modified_gmt":"2013-05-22T17:04:56","slug":"webrazzi-startup13-bitti-iste-6-yeni-girisim-startup13-ozeti","status":"publish","type":"post","link":"http:\/\/www.mustafaozcan.info\/blog\/webrazzi-startup13-bitti-iste-6-yeni-girisim-startup13-ozeti.html","title":{"rendered":"Webrazzi Startup&#8217;13 Bitti: \u0130\u015fte 6 Yeni Giri\u015fim | Startup&#8217;13 \u00d6zeti"},"content":{"rendered":"<div class=\"musta-icerikten-once\" style=\"margin-left: auto;margin-right: auto;text-align: center;\" id=\"musta-2496296883\"><div id=\"waldo-tag-4179\"><\/div><\/div><p>Bug\u00fcn kat\u0131l\u0131m yapt\u0131\u011f\u0131m Webrazzi Startup&#8217;13 son buldu.Kat\u0131l\u0131m yapan ki\u015filer ger\u00e7ekten \u00e7ok de\u011ferli isimlerdi.Bug\u00fcn saat 09:15&#8217;te Arda Kutsal&#8217;\u0131n oturumu ba\u015flatmas\u0131 ile start alan Webrazzi Startup&#8217;13 son buldu.<a href=\"https:\/\/www.mustafaozcan.info\/blog\/wp-content\/uploads\/2013\/05\/tamer-ozmen.jpg\"><img loading=\"lazy\" decoding=\"async\" class=\"aligncenter size-full wp-image-343\" alt=\"tamer-ozmen\" src=\"https:\/\/www.mustafaozcan.info\/blog\/wp-content\/uploads\/2013\/05\/tamer-ozmen.jpg\" width=\"612\" height=\"612\" srcset=\"http:\/\/www.mustafaozcan.info\/blog\/wp-content\/uploads\/2013\/05\/tamer-ozmen.jpg 612w, http:\/\/www.mustafaozcan.info\/blog\/wp-content\/uploads\/2013\/05\/tamer-ozmen-150x150.jpg 150w, http:\/\/www.mustafaozcan.info\/blog\/wp-content\/uploads\/2013\/05\/tamer-ozmen-300x300.jpg 300w\" sizes=\"auto, (max-width: 612px) 100vw, 612px\" \/><\/a><\/p>\n<p>Program ilk konu\u011fu Microsoft T\u00fcrkiye Genel M\u00fcd\u00fcr\u00fc Tamer \u00d6zmen ile ba\u015flad\u0131.\u00d6zmen, 1999 y\u0131l\u0131nda kurulmu\u015f olan\u00a0<a href=\"http:\/\/www.priceline.com\/\" target=\"_blank\" rel=\"nofollow noopener\">Priceline.com<\/a>\u00a0ile ya\u015fad\u0131\u011f\u0131 deneyimi anlatt\u0131.Tamer \u00d6zmen her sene verilen Bilgisayar M\u00fchendisleri&#8217;nin 4500 olmas\u0131ndan pek memnun de\u011fil.2040 y\u0131l\u0131na kadar T\u00fcrkiye&#8217;nin\u00a0gen\u00e7le\u015fen bir n\u00fcfusa sahip olaca\u011f\u0131n\u0131 aktaran \u00d6zmen bunun i\u00e7in daha \u00e7ok mezun verimesinden yana.<\/p>\n<p>Windows 8 uygulamalar\u0131ndan bahseden ve ekosistemle ilgili konu\u015fan Tamer \u00d6zmen, Windows 8\u2032e uygulama geli\u015ftirmek isteyen \u00e7ok say\u0131da marka oldu\u011funu, Windows 8 uygulamas\u0131 geli\u015ftiren firmalar\u0131n talep kar\u015f\u0131s\u0131nda i\u015fe yeti\u015fme anlam\u0131nda zorland\u0131klar\u0131n\u0131 dile getirerek, bu y\u00fczden \u00e7ok daha fazla ve kaliteli uygulama geli\u015ftiriciye ihtiya\u00e7lar\u0131 oldu\u011funu belirtti.<\/p>\n<p>iri\u015fimcilikten bahsederken Emre Kurttepeli, iyi giri\u015fimcinin bir \u015feyleri de\u011fi\u015ftirmek istiyor olmas\u0131 gerekti\u011fini d\u00fc\u015f\u00fcnd\u00fc\u011f\u00fcn\u00fc s\u00f6yledi. \u0130yi giri\u015fimcinin i\u00e7erisinde de\u011fi\u015fim yaratma i\u00e7g\u00fcd\u00fcs\u00fc olmas\u0131 laz\u0131m, ger\u00e7ek giri\u015fimciyi \u201cgiri\u015fken\u201dden ay\u0131ran en \u00f6nemli detay\u0131n da bu oldu\u011funu s\u00f6yledi.<\/p>\n<p><a href=\"https:\/\/www.mustafaozcan.info\/blog\/wp-content\/uploads\/2013\/05\/emre-kurttepeli.jpg\"><img loading=\"lazy\" decoding=\"async\" class=\"aligncenter size-full wp-image-344\" alt=\"emre-kurttepeli\" src=\"https:\/\/www.mustafaozcan.info\/blog\/wp-content\/uploads\/2013\/05\/emre-kurttepeli.jpg\" width=\"800\" height=\"450\" srcset=\"http:\/\/www.mustafaozcan.info\/blog\/wp-content\/uploads\/2013\/05\/emre-kurttepeli.jpg 800w, http:\/\/www.mustafaozcan.info\/blog\/wp-content\/uploads\/2013\/05\/emre-kurttepeli-300x168.jpg 300w, http:\/\/www.mustafaozcan.info\/blog\/wp-content\/uploads\/2013\/05\/emre-kurttepeli-624x351.jpg 624w\" sizes=\"auto, (max-width: 800px) 100vw, 800px\" \/><\/a><\/p>\n<p>Emre Kurttepeli giri\u015fimcilik ve giri\u015fim ekosistemi ile ilgi ise \u015funlar\u0131 s\u00f6yledi: \u201c\u0130nternetin hayat\u0131m\u0131z\u0131n b\u00fcy\u00fck bir b\u00f6l\u00fcm\u00fcn\u00fc de\u011fi\u015ftirece\u011fine a\u015f\u0131r\u0131 derede, k\u00f6r\u00fc k\u00f6r\u00fcne\u00a0inand\u0131m. O y\u00fczden ben ki\u015fisel olarak fiziksel d\u00fcnyadan \u00e7\u0131kan i\u015flerden uzak durdum. Bunun d\u0131\u015f\u0131nda optimizasyon i\u015flerine, yani internetin fiziksel i\u015flerin maliyetini d\u00fc\u015f\u00fcrmek i\u00e7in kullan\u0131ld\u0131\u011f\u0131 modellere inanmad\u0131m. Onun yerine internetin optimizasyon sa\u011flamaktan \u00e7ok orijinal bir model olu\u015fturabilmesine inand\u0131m\u201d.<\/p>\n<p>Emre Kurttepeli&#8217;nin ard\u0131ndan Revo Capital Y\u00f6netim Kurulu Ba\u015fkan\u0131 ve Orta\u011f\u0131 sahnede.Cenk Bayrakdar, Revo Capital\u2019in birinci yat\u0131r\u0131m\u0131n\u0131 yapmak i\u00e7in ilk s\u00f6zle\u015fme \u015fartlar\u0131n\u0131 g\u00f6nderdiklerini s\u00f6yledi. Bu yat\u0131r\u0131m\u0131n Haziran\u2019\u0131n sonuna yeti\u015febilece\u011fini payla\u015fan Cenk Bayrakdar, 3\u00a0aya kadar toplamda 7 yat\u0131r\u0131m a\u00e7\u0131klayacaklar\u0131n\u0131 kaydetti.<\/p>\n<p><a href=\"https:\/\/www.mustafaozcan.info\/blog\/wp-content\/uploads\/2013\/05\/revo-capital.jpg\"><img loading=\"lazy\" decoding=\"async\" class=\"aligncenter size-full wp-image-345\" alt=\"revo-capital\" src=\"https:\/\/www.mustafaozcan.info\/blog\/wp-content\/uploads\/2013\/05\/revo-capital.jpg\" width=\"599\" height=\"803\" srcset=\"http:\/\/www.mustafaozcan.info\/blog\/wp-content\/uploads\/2013\/05\/revo-capital.jpg 599w, http:\/\/www.mustafaozcan.info\/blog\/wp-content\/uploads\/2013\/05\/revo-capital-223x300.jpg 223w\" sizes=\"auto, (max-width: 599px) 100vw, 599px\" \/><\/a><\/p>\n<p>evo Capital\u2019in odakland\u0131\u011f\u0131 di\u011fer alanlar aras\u0131nda M2M yani cihazlar aras\u0131 ileti\u015fim ve end\u00fcstiryel internet oldu\u011funu s\u00f6zlerine ekleyen Cenk Bayrakdar, \u00f6zellikle SIM kart \u00fczerindeki 30 TL\u2019lik verginin kald\u0131r\u0131lmas\u0131yla M2M projelerinin \u00f6n\u00fcn\u00fcn a\u00e7\u0131ld\u0131\u011f\u0131n\u0131 belirtti. Cenk Bayrakdar, ayr\u0131ca nesneler aras\u0131 ileti\u015fimin son kullan\u0131c\u0131ya ula\u015fan \u00fcr\u00fcnlerin artaca\u011f\u0131n\u0131 dile getirdi ve bu alanda patlama olaca\u011f\u0131n\u0131 s\u00f6yledi.<\/p>\n<h3>\u201cGiri\u015fimlerin i\u015f modelinde ve stratejilerine katk\u0131da bulunaca\u011f\u0131z\u201d<\/h3>\n<p>\u00d6zcan Tahincio\u011flu ise Tahincio\u011flu Holding\u2019in portf\u00f6y\u00fc olarak tar\u0131mdan enerjiye kadar bir\u00e7ok alana bakt\u0131klar\u0131n\u0131 s\u00f6yledi. \u0130lk olarak Tahincio\u011flu Holding b\u00fcnyesinde bir fon olu\u015fturmak i\u00e7in bir \u00e7ekirdek kadro olu\u015fturduklar\u0131n\u0131 s\u00f6yleyen <strong>\u00d6zcan Tahincio\u011flu<\/strong>, holding y\u00f6neticili\u011finden \u00e7ok \u2018<em>smart money<\/em>\u2018 yani ak\u0131ll\u0131 para mant\u0131\u011f\u0131yla hareket ettiklerini dile getirdi.<\/p>\n<p>Webrazzi Startup\u201913\u2032\u00fcn ilk aras\u0131n\u0131n ard\u0131ndan ger\u00e7ekle\u015ftirilen ilk sunumda\u00a0<a href=\"http:\/\/www.pronet.com.tr\/\" target=\"_blank\" rel=\"noopener\">Pronet<\/a>\u2018in kurucu orta\u011f\u0131 Alp Saul,\u00a0<a href=\"http:\/\/www.earlybird.com\/\" target=\"_blank\" rel=\"noopener\">Earlybird Venture Capital<\/a>\u2018\u0131n ortaklar\u0131ndan Cem Serto\u011flu ve Evren \u00dc\u00e7ok sahnedeydi.<\/p>\n<p>Pronet\u2019in kurucu orta\u011f\u0131 Alp Saul\u2019e verdi. Pronet\u2019in ba\u015flang\u0131c\u0131ndan bahseden Alp Saul\u2019\u00fcn Grupanya, Vivense ve\u00a0idemama\u2019daki yat\u0131r\u0131mlar\u0131 oldu\u011funu aktard\u0131.\u00a0Saul, Pronet giri\u015fiminin yan\u0131 s\u0131ra, internet ve biyoteknoloji yat\u0131r\u0131mlar\u0131 da bulundu\u011funu s\u00f6yledi.<\/p>\n<p>Daha sonra Earlybird Venture Capital\u2019\u0131n ortaklar\u0131ndan Cem Serto\u011flu ve Evren \u00dc\u00e7ok da, Earlybird VC\u2019nin yap\u0131s\u0131ndan bahsetti. Avrupa\u2019n\u0131n en b\u00fcy\u00fck fonlar\u0131ndan biri olan Earlybird VC, Rusya hari\u00e7 Avrupa\u2019da yat\u0131r\u0131mlar yap\u0131yor. \u0130stanbul\u2019da da ofisi bulunan Earlybird VC\u2019nin 700 milyon dolarl\u0131k bir fonu bulunuyor.<\/p>\n<p>Earlybird Venture Capital\u2018\u0131n yat\u0131r\u0131m tercihlerinden de bahseden Serto\u011flu,\u00a03 ile 10 milyon dolar aras\u0131ndaki yat\u0131r\u0131m aral\u0131klar\u0131na odakland\u0131klar\u0131n\u0131 aktard\u0131. \u00d6n\u00fcm\u00fczdeki 3-4 y\u0131l i\u00e7inde 700 milyon dolarl\u0131k toplam fondan, 50 ile 100 milyon dolar aras\u0131ndaki fonun T\u00fcrkiye\u2019ye ayr\u0131laca\u011f\u0131 bilgisi payla\u015f\u0131ld\u0131.\u00a0Earlybird VC, giri\u015fimcileri dinlemeyi ama\u00e7 edindiklerini aktararak, inand\u0131klar\u0131 giri\u015fimciyi ba\u015far\u0131ya g\u00f6t\u00fcrmek i\u00e7in desteklerinin tam oldu\u011funu belirtti.<\/p>\n<p>Ve birka\u00e7\u00a025 milyon pound (70 milyon TL) de\u011feri ile Sadecehosting.com&#8217;un eski sahibi Sel\u00e7uk Sara\u00e7 sahnede!<\/p>\n<p>Sel\u00e7uk Sara\u00e7, Sadece Hosting\u2019in kurulu\u015fundan bahsederken bundan 3-4 y\u0131l \u00f6nce EBITDA, ARPU\u2019nun ne oldu\u011funu bilmedi\u011fini ve bun kavramlar\u0131n uzmanlar\u0131n ilgi alan\u0131na girdi\u011fini d\u00fc\u015f\u00fcn\u00fcyormu\u015f. 3-4 ki\u015filik bir ekiple kendi i\u015fine odaklanmalar\u0131 gerekti\u011fini d\u00fc\u015f\u00fcnen Sara\u00e7, bu d\u00f6nemi \u015fu s\u00f6zlerle anlat\u0131yor;<\/p>\n<blockquote><p><em>\u201c\u0130\u015fimizi d\u00fc\u015f\u00fcnelim ve biz bir \u00fcr\u00fcn yapal\u0131m ihtiyac\u0131 olan gelsin kullans\u0131n \u015feklinde \u201casosyal\u201d bir bak\u0131\u015f\u0131m\u0131z vard\u0131. Kurumsal s\u00fcre\u00e7ler i\u015fi zorla\u015ft\u0131r\u0131yordu ve bunu keyfimize g\u00f6re kullanmaya \u00e7al\u0131\u015ft\u0131k.\u201d<\/em><\/p><\/blockquote>\n<p>Bu bak\u0131\u015f zamanla esneyerek Sadece Hosting\u2019in yenilenmesini sa\u011flam\u0131\u015f ve pazar lideri konumunda olan \u015firket Sara\u00e7\u2019a g\u00f6re kendine en do\u011fru yat\u0131r\u0131mc\u0131yla 62 g\u00fcn i\u00e7inde sat\u0131\u015f imzas\u0131n\u0131 atm\u0131\u015f. Sara\u00e7\u2019\u0131n verdi\u011fi bilgiye g\u00f6re 36 veri merkezi bulunan Telecity, 4 milyar dolarl\u0131k civar\u0131nda bir de\u011fere sahip.<\/p>\n<p>\u015eimdilik toparlayabildiklerim bu kadar di\u011fer kat\u0131l\u0131mc\u0131lar\u0131 di\u011fer yaz\u0131m\u0131zda payla\u015fmak dile\u011fiyle!<\/p>\n<div class=\"musta-icerikten-sonra\" id=\"musta-2681288914\"><div id=\"waldo-tag-4184\"><\/div><\/div>","protected":false},"excerpt":{"rendered":"<p>Bug\u00fcn kat\u0131l\u0131m yapt\u0131\u011f\u0131m Webrazzi Startup&#8217;13 son buldu.Kat\u0131l\u0131m yapan ki\u015filer ger\u00e7ekten \u00e7ok de\u011ferli isimlerdi.Bug\u00fcn saat 09:15&#8217;te Arda Kutsal&#8217;\u0131n oturumu ba\u015flatmas\u0131 ile start alan Webrazzi Startup&#8217;13 son buldu. Program ilk konu\u011fu Microsoft T\u00fcrkiye Genel M\u00fcd\u00fcr\u00fc Tamer \u00d6zmen ile ba\u015flad\u0131.\u00d6zmen, 1999 y\u0131l\u0131nda kurulmu\u015f olan\u00a0Priceline.com\u00a0ile ya\u015fad\u0131\u011f\u0131 deneyimi anlatt\u0131.Tamer \u00d6zmen her sene verilen Bilgisayar M\u00fchendisleri&#8217;nin 4500 olmas\u0131ndan pek memnun de\u011fil.2040 [&hellip;]<\/p>\n","protected":false},"author":1,"featured_media":0,"comment_status":"open","ping_status":"open","sticky":false,"template":"","format":"standard","meta":{"powered_cache_disable_cache":false,"powered_cache_disable_critical_css":false,"powered_cache_specific_critical_css":false,"powered_cache_disable_css_optimization":false,"powered_cache_disable_js_optimization":false,"powered_cache_disable_js_defer":false,"powered_cache_disable_js_delay":false,"footnotes":"","_links_to":"","_links_to_target":""},"categories":[214],"tags":[275,273,276,267,271,270,268,269,274,272],"class_list":["post-341","post","type-post","status-publish","format-standard","hentry","category-internet","tag-arda-kutsal","tag-emre-kurttepeli","tag-selcuk-sarac","tag-startup","tag-startup-13","tag-startup-13-izle","tag-startup-webrazzi","tag-startup13","tag-tamer-ozmen","tag-webrazzi-com"],"_links":{"self":[{"href":"http:\/\/www.mustafaozcan.info\/blog\/wp-json\/wp\/v2\/posts\/341","targetHints":{"allow":["GET"]}}],"collection":[{"href":"http:\/\/www.mustafaozcan.info\/blog\/wp-json\/wp\/v2\/posts"}],"about":[{"href":"http:\/\/www.mustafaozcan.info\/blog\/wp-json\/wp\/v2\/types\/post"}],"author":[{"embeddable":true,"href":"http:\/\/www.mustafaozcan.info\/blog\/wp-json\/wp\/v2\/users\/1"}],"replies":[{"embeddable":true,"href":"http:\/\/www.mustafaozcan.info\/blog\/wp-json\/wp\/v2\/comments?post=341"}],"version-history":[{"count":0,"href":"http:\/\/www.mustafaozcan.info\/blog\/wp-json\/wp\/v2\/posts\/341\/revisions"}],"wp:attachment":[{"href":"http:\/\/www.mustafaozcan.info\/blog\/wp-json\/wp\/v2\/media?parent=341"}],"wp:term":[{"taxonomy":"category","embeddable":true,"href":"http:\/\/www.mustafaozcan.info\/blog\/wp-json\/wp\/v2\/categories?post=341"},{"taxonomy":"post_tag","embeddable":true,"href":"http:\/\/www.mustafaozcan.info\/blog\/wp-json\/wp\/v2\/tags?post=341"}],"curies":[{"name":"wp","href":"https:\/\/api.w.org\/{rel}","templated":true}]}}