{"id":309,"date":"2013-05-16T17:41:56","date_gmt":"2013-05-16T14:41:56","guid":{"rendered":"http:\/\/www.mustafaozcan.info\/blog\/?p=309"},"modified":"2013-05-16T17:49:25","modified_gmt":"2013-05-16T14:49:25","slug":"ve-david-beckham-futbolu-birakir","status":"publish","type":"post","link":"http:\/\/www.mustafaozcan.info\/blog\/ve-david-beckham-futbolu-birakir.html","title":{"rendered":"Ve David Beckham Futbol&#8217;u b\u0131rak\u0131r"},"content":{"rendered":"<div class=\"musta-icerikten-once\" style=\"margin-left: auto;margin-right: auto;text-align: center;\" id=\"musta-4031839789\"><div id=\"waldo-tag-4179\"><\/div><\/div><p>\u0130ngiltere Milli Tak\u0131m\u0131&#8217;n\u0131n eski kaptan\u0131 ve PSG&#8217;nin y\u0131ld\u0131z futbolcusu David Beckham&#8217;\u0131n futbolu b\u0131rakt\u0131\u011f\u0131n\u0131 a\u00e7\u0131klad\u0131.<br \/>\n\u0130lk olarak Associated Press haber ajans\u0131n\u0131n servis etti\u011fi haberde, \u0130ngiliz y\u0131ld\u0131z\u0131n futbolu b\u0131rakt\u0131\u011f\u0131 haberi yay\u0131ld\u0131. Daha sonradan edinilen bilgilere g\u00f6re Beckham&#8217;\u0131n menajerinin de y\u0131ld\u0131z oyuncunun futbolu b\u0131rakma karar\u0131n\u0131 do\u011frulad\u0131\u011f\u0131 \u00f6\u011frenildi.<\/p>\n<p>Son olarak ise beklenen haber geldi ve Beckham, ba\u015far\u0131larla dolu kariyerini noktalama karar\u0131 ald\u0131\u011f\u0131n\u0131 resmen a\u00e7\u0131klad\u0131.<br \/>\n\u0130\u015fte Beckham&#8217;\u0131n futbolu b\u0131rakma karar\u0131 ald\u0131\u011f\u0131 o c\u00fcmleler&#8230;<br \/>\n&#8211; &#8220;Olgunlukla devam etti\u011fim profesyonel kariyerimi devam ettirme \u015fans\u0131n\u0131 bana veren PSG kul\u00fcb\u00fcne te\u015fekk\u00fcrlerimi sunuyorum ancak kariyerimi noktalamak i\u00e7in do\u011fru zaman\u0131n geldi\u011fini s\u00f6ylemeliyim.&#8221;<\/p>\n<p><strong>\u0130\u015fte David Beckham&#8217;\u0131n kariyer ba\u015far\u0131lar\u0131<\/strong><\/p>\n<p><strong>712<\/strong>\u00a0Oynad\u0131\u011f\u0131 ma\u00e7 say\u0131s\u0131<br \/>\n<strong>129<\/strong>\u00a0Gol<br \/>\n<strong>115<\/strong>\u00a0\u0130ngiltere Milli formas\u0131<br \/>\n<strong>6<\/strong>\u00a0Premier Lig \u015eampiyonlu\u011fu<br \/>\n<strong>2<\/strong>\u00a0FA Kupas\u0131<br \/>\n<strong>2<\/strong>\u00a0MLS Kupas\u0131<br \/>\n<strong>1<\/strong>\u00a0MLS \u015eampiyonlu\u011fu<br \/>\n<strong>1<\/strong>\u00a0\u015eampiyonlar Ligi<br \/>\n<strong>1<\/strong>\u00a0La Liga<br \/>\n<strong>1<\/strong>\u00a0Ligue 1<\/p>\n<div class=\"musta-icerikten-sonra\" id=\"musta-890121859\"><div id=\"waldo-tag-4184\"><\/div><\/div>","protected":false},"excerpt":{"rendered":"<p>\u0130ngiltere Milli Tak\u0131m\u0131&#8217;n\u0131n eski kaptan\u0131 ve PSG&#8217;nin y\u0131ld\u0131z futbolcusu David Beckham&#8217;\u0131n futbolu b\u0131rakt\u0131\u011f\u0131n\u0131 a\u00e7\u0131klad\u0131. \u0130lk olarak Associated Press haber ajans\u0131n\u0131n servis etti\u011fi haberde, \u0130ngiliz y\u0131ld\u0131z\u0131n futbolu b\u0131rakt\u0131\u011f\u0131 haberi yay\u0131ld\u0131. Daha sonradan edinilen bilgilere g\u00f6re Beckham&#8217;\u0131n menajerinin de y\u0131ld\u0131z oyuncunun futbolu b\u0131rakma karar\u0131n\u0131 do\u011frulad\u0131\u011f\u0131 \u00f6\u011frenildi. Son olarak ise beklenen haber geldi ve Beckham, ba\u015far\u0131larla dolu kariyerini [&hellip;]<\/p>\n","protected":false},"author":1,"featured_media":0,"comment_status":"open","ping_status":"open","sticky":false,"template":"","format":"standard","meta":{"powered_cache_disable_cache":false,"powered_cache_disable_critical_css":false,"powered_cache_specific_critical_css":false,"powered_cache_disable_css_optimization":false,"powered_cache_disable_js_optimization":false,"powered_cache_disable_js_defer":false,"powered_cache_disable_js_delay":false,"footnotes":"","_links_to":"","_links_to_target":""},"categories":[15],"tags":[236,237,238,239],"class_list":["post-309","post","type-post","status-publish","format-standard","hentry","category-spor","tag-david-beckham","tag-david-beckham-futbol-kariyeri","tag-david-beckham-futbolu-birakti-mi","tag-david-beckham-oynadigi-kulupler"],"_links":{"self":[{"href":"http:\/\/www.mustafaozcan.info\/blog\/wp-json\/wp\/v2\/posts\/309","targetHints":{"allow":["GET"]}}],"collection":[{"href":"http:\/\/www.mustafaozcan.info\/blog\/wp-json\/wp\/v2\/posts"}],"about":[{"href":"http:\/\/www.mustafaozcan.info\/blog\/wp-json\/wp\/v2\/types\/post"}],"author":[{"embeddable":true,"href":"http:\/\/www.mustafaozcan.info\/blog\/wp-json\/wp\/v2\/users\/1"}],"replies":[{"embeddable":true,"href":"http:\/\/www.mustafaozcan.info\/blog\/wp-json\/wp\/v2\/comments?post=309"}],"version-history":[{"count":0,"href":"http:\/\/www.mustafaozcan.info\/blog\/wp-json\/wp\/v2\/posts\/309\/revisions"}],"wp:attachment":[{"href":"http:\/\/www.mustafaozcan.info\/blog\/wp-json\/wp\/v2\/media?parent=309"}],"wp:term":[{"taxonomy":"category","embeddable":true,"href":"http:\/\/www.mustafaozcan.info\/blog\/wp-json\/wp\/v2\/categories?post=309"},{"taxonomy":"post_tag","embeddable":true,"href":"http:\/\/www.mustafaozcan.info\/blog\/wp-json\/wp\/v2\/tags?post=309"}],"curies":[{"name":"wp","href":"https:\/\/api.w.org\/{rel}","templated":true}]}}