{"id":3021,"date":"2015-10-25T03:14:30","date_gmt":"2015-10-25T01:14:30","guid":{"rendered":"http:\/\/www.mustafaozcan.info\/blog\/?p=3021"},"modified":"2015-10-25T03:14:30","modified_gmt":"2015-10-25T01:14:30","slug":"turkiyede-saat-kac-2015","status":"publish","type":"post","link":"http:\/\/www.mustafaozcan.info\/blog\/turkiyede-saat-kac-2015.html","title":{"rendered":"T\u00fcrkiye&#8217;de Saat Ka\u00e7 2015"},"content":{"rendered":"<div class=\"musta-icerikten-once\" style=\"margin-left: auto;margin-right: auto;text-align: center;\" id=\"musta-1058976376\"><div id=\"waldo-tag-4179\"><\/div><\/div><p>T\u00fcrkiye\u2019de 1 Kas\u0131m Genel Se\u00e7im\u2019i nedeniyle saatlerin 25 Kas\u0131m 2015 tarihi yerine 8 Kas\u0131m 2015 tarihinde ger\u00e7ekle\u015ftirilmesi kararla\u015ft\u0131r\u0131lm\u0131\u015ft\u0131. Bu karar nedeniyle daha \u00f6nceden programlanan Bilgisayarlar ve cep telefonlar\u0131 ise saatleri 25 Ekim 2015 tarihinde geri ald\u0131 ve kullan\u0131c\u0131lara hatal\u0131 bilgilendirmede bulundu. \u0130\u015fte T\u00fcrkiye\u2019nin ger\u00e7ek resmi saati\u2026<\/p>\n<p>T\u00fcrkiye\u2019de k\u0131\u015f saati uygulamas\u0131 nedeniyle saatlerin geri al\u0131nmas\u0131 25 Ekim 2015 tarihinden 8 Kas\u0131m 2015 tarihine ertelendi, yani saatlerde herhangi bir de\u011fi\u015fiklik yap\u0131lmayacak.<\/p>\n<h2>\u015eu an T\u00fcrkiye&#8217;de Saat Ka\u00e7?<\/h2>\n<p>&nbsp;<\/p>\n<p><iframe loading=\"lazy\" style=\"border: none; overflow: hidden;\" src=\"http:\/\/tr.thetimenow.com\/clock\/eest\/eastern_european_summer_time?t=n&amp;embed=1&amp;text=15&amp;textdate=15&amp;format=24&amp;digitalclock=36&amp;analogclock=60&amp;letter_spacing=-2&amp;bordersize=1&amp;bordercolor=BCE2F7&amp;bgcolor=EBF8FF&amp;colorloc=000000&amp;colordigital=2C8EBF&amp;colordate=000000&amp;styleloc=normal&amp;styledigital=normal&amp;styledate=normal&amp;right=0\" width=\"200\" height=\"90\" scrolling=\"no\"><\/iframe><\/p>\n<div class=\"musta-icerikten-sonra\" id=\"musta-3936374318\"><div id=\"waldo-tag-4184\"><\/div><\/div>","protected":false},"excerpt":{"rendered":"<p>T\u00fcrkiye\u2019de 1 Kas\u0131m Genel Se\u00e7im\u2019i nedeniyle saatlerin 25 Kas\u0131m 2015 tarihi yerine 8 Kas\u0131m 2015 tarihinde ger\u00e7ekle\u015ftirilmesi kararla\u015ft\u0131r\u0131lm\u0131\u015ft\u0131. Bu karar nedeniyle daha \u00f6nceden programlanan Bilgisayarlar ve cep telefonlar\u0131 ise saatleri 25 Ekim 2015 tarihinde geri ald\u0131 ve kullan\u0131c\u0131lara hatal\u0131 bilgilendirmede bulundu. \u0130\u015fte T\u00fcrkiye\u2019nin ger\u00e7ek resmi saati\u2026 T\u00fcrkiye\u2019de k\u0131\u015f saati uygulamas\u0131 nedeniyle saatlerin geri al\u0131nmas\u0131 25 [&hellip;]<\/p>\n","protected":false},"author":1,"featured_media":0,"comment_status":"open","ping_status":"closed","sticky":false,"template":"","format":"standard","meta":{"powered_cache_disable_cache":false,"powered_cache_disable_critical_css":false,"powered_cache_specific_critical_css":false,"powered_cache_disable_css_optimization":false,"powered_cache_disable_js_optimization":false,"powered_cache_disable_js_defer":false,"powered_cache_disable_js_delay":false,"footnotes":"","_links_to":"","_links_to_target":""},"categories":[1],"tags":[5706,5705,5707],"class_list":["post-3021","post","type-post","status-publish","format-standard","hentry","category-genel","tag-5706","tag-saat-kac","tag-turkiyede-saat-kac"],"_links":{"self":[{"href":"http:\/\/www.mustafaozcan.info\/blog\/wp-json\/wp\/v2\/posts\/3021","targetHints":{"allow":["GET"]}}],"collection":[{"href":"http:\/\/www.mustafaozcan.info\/blog\/wp-json\/wp\/v2\/posts"}],"about":[{"href":"http:\/\/www.mustafaozcan.info\/blog\/wp-json\/wp\/v2\/types\/post"}],"author":[{"embeddable":true,"href":"http:\/\/www.mustafaozcan.info\/blog\/wp-json\/wp\/v2\/users\/1"}],"replies":[{"embeddable":true,"href":"http:\/\/www.mustafaozcan.info\/blog\/wp-json\/wp\/v2\/comments?post=3021"}],"version-history":[{"count":0,"href":"http:\/\/www.mustafaozcan.info\/blog\/wp-json\/wp\/v2\/posts\/3021\/revisions"}],"wp:attachment":[{"href":"http:\/\/www.mustafaozcan.info\/blog\/wp-json\/wp\/v2\/media?parent=3021"}],"wp:term":[{"taxonomy":"category","embeddable":true,"href":"http:\/\/www.mustafaozcan.info\/blog\/wp-json\/wp\/v2\/categories?post=3021"},{"taxonomy":"post_tag","embeddable":true,"href":"http:\/\/www.mustafaozcan.info\/blog\/wp-json\/wp\/v2\/tags?post=3021"}],"curies":[{"name":"wp","href":"https:\/\/api.w.org\/{rel}","templated":true}]}}