{"id":2987,"date":"2015-03-12T04:10:58","date_gmt":"2015-03-12T02:10:58","guid":{"rendered":"http:\/\/www.mustafaozcan.info\/blog\/?p=2987"},"modified":"2015-03-12T04:10:58","modified_gmt":"2015-03-12T02:10:58","slug":"emekli-oldum-ne-kadar-maas-alicam","status":"publish","type":"post","link":"http:\/\/www.mustafaozcan.info\/blog\/emekli-oldum-ne-kadar-maas-alicam.html","title":{"rendered":"Emekli oldum ne kadar maa\u015f al\u0131cam"},"content":{"rendered":"<div class=\"musta-icerikten-once\" style=\"margin-left: auto;margin-right: auto;text-align: center;\" id=\"musta-1496203365\"><div id=\"waldo-tag-4179\"><\/div><\/div><p>Y\u0131llarca didinip <strong>emekli maa\u015f<\/strong> olabilmek i\u00e7in \u00e7al\u0131\u015f\u0131yor insanlar bir bak\u0131yorsunuz ki ya\u015flanm\u0131\u015fs\u0131n\u0131z hayat neredeyse bitmek \u00fczere.Birde yapt\u0131klar\u0131n\u0131za yapabildiklerinize bak\u0131yorsunuz kimi zaman yetiyor kimi zaman yetmiyor.Ancak y\u0131llarca \u00e7al\u0131\u015fmak ve didinmek insan \u00f6mr\u00fcn\u00fc \u00e7ok k\u0131sa zamanda bitiriyor.\u0130nsanlar \u00e7ok erken ya\u015flarda hemen ilk ak\u0131llar\u0131na gelen \u015feylerden biri <a title=\"ne zaman emekli olurum\" href=\"http:\/\/www.e-bordro.gen.tr\/ne-zaman-emekli-olurum\" target=\"_blank\" rel=\"noopener\">ne zaman emekli olurum<\/a>*i\u015fte hayat\u0131n ne kadar yorucu oldu\u011fu burada ortaya \u00e7\u0131k\u0131yor zaten.Ancak bir zaman sonra ger\u00e7ekten emekli olunuyor ve art\u0131k hi\u00e7 bir \u015feye dokunmak zorunda kalm\u0131yorsunuz.Ger\u00e7i bu durumdan da \u00e7abuk s\u0131k\u0131lan vazge\u00e7en ve \u00e7al\u0131\u015fmaya tekrar ba\u015flayan insanlar var.<\/p>\n<p>Bir di\u011fer konu tabi ki paran\u0131n miktar\u0131 insanlar emekli olduktan sonra en \u00e7ok dikkat edilen konu ne kadar para kazanacaklar\u0131 d\u0131r.Biliyorsunuz \u00e7al\u0131\u015f\u0131rken muslu\u011fun suyu biraz daha fazla akar ancak emekli olundu\u011funda bu konu b\u00f6yle de\u011fil malesef.Gel gelelim e\u011fer akl\u0131n\u0131zda <strong>emeklilik<\/strong> ile ilgili bir soru \u00f6rne\u011fin <a title=\"ne kadar emekli maa\u015f\u0131 al\u0131r\u0131m\" href=\"http:\/\/www.e-bordro.gen.tr\/ne-kadar-emekli-maasi-alirim\" target=\"_blank\" rel=\"noopener\">ne kadar emekli maa\u015f\u0131 al\u0131r\u0131m<\/a>*gibi \u015feyler tak\u0131l\u0131yorsa bunlar\u0131n hepsine a\u015fa\u011f\u0131daki siteden bakabilirsiniz.<\/p>\n<p><a href=\"http:\/\/www.e-bordro.gen.tr\/\" target=\"_blank\" rel=\"noopener\">http:\/\/www.e-bordro.gen.tr\/<\/a><\/p>\n<div class=\"musta-icerikten-sonra\" id=\"musta-1489637782\"><div id=\"waldo-tag-4184\"><\/div><\/div>","protected":false},"excerpt":{"rendered":"<p>Y\u0131llarca didinip emekli maa\u015f olabilmek i\u00e7in \u00e7al\u0131\u015f\u0131yor insanlar bir bak\u0131yorsunuz ki ya\u015flanm\u0131\u015fs\u0131n\u0131z hayat neredeyse bitmek \u00fczere.Birde yapt\u0131klar\u0131n\u0131za yapabildiklerinize bak\u0131yorsunuz kimi zaman yetiyor kimi zaman yetmiyor.Ancak y\u0131llarca \u00e7al\u0131\u015fmak ve didinmek insan \u00f6mr\u00fcn\u00fc \u00e7ok k\u0131sa zamanda bitiriyor.\u0130nsanlar \u00e7ok erken ya\u015flarda hemen ilk ak\u0131llar\u0131na gelen \u015feylerden biri ne zaman emekli olurum*i\u015fte hayat\u0131n ne kadar yorucu oldu\u011fu burada ortaya [&hellip;]<\/p>\n","protected":false},"author":1,"featured_media":0,"comment_status":"open","ping_status":"closed","sticky":false,"template":"","format":"standard","meta":{"powered_cache_disable_cache":false,"powered_cache_disable_critical_css":false,"powered_cache_specific_critical_css":false,"powered_cache_disable_css_optimization":false,"powered_cache_disable_js_optimization":false,"powered_cache_disable_js_defer":false,"powered_cache_disable_js_delay":false,"footnotes":"","_links_to":"","_links_to_target":""},"categories":[79],"tags":[5683,5682,5684,5685,5686,5517],"class_list":["post-2987","post","type-post","status-publish","format-standard","hentry","category-reklam","tag-emekli-maas","tag-emekli-oldum","tag-emeklilik","tag-ne-kadar-emekli-maasi-alirim","tag-ne-zaman-emekli-olurum","tag-reklam"],"_links":{"self":[{"href":"http:\/\/www.mustafaozcan.info\/blog\/wp-json\/wp\/v2\/posts\/2987","targetHints":{"allow":["GET"]}}],"collection":[{"href":"http:\/\/www.mustafaozcan.info\/blog\/wp-json\/wp\/v2\/posts"}],"about":[{"href":"http:\/\/www.mustafaozcan.info\/blog\/wp-json\/wp\/v2\/types\/post"}],"author":[{"embeddable":true,"href":"http:\/\/www.mustafaozcan.info\/blog\/wp-json\/wp\/v2\/users\/1"}],"replies":[{"embeddable":true,"href":"http:\/\/www.mustafaozcan.info\/blog\/wp-json\/wp\/v2\/comments?post=2987"}],"version-history":[{"count":0,"href":"http:\/\/www.mustafaozcan.info\/blog\/wp-json\/wp\/v2\/posts\/2987\/revisions"}],"wp:attachment":[{"href":"http:\/\/www.mustafaozcan.info\/blog\/wp-json\/wp\/v2\/media?parent=2987"}],"wp:term":[{"taxonomy":"category","embeddable":true,"href":"http:\/\/www.mustafaozcan.info\/blog\/wp-json\/wp\/v2\/categories?post=2987"},{"taxonomy":"post_tag","embeddable":true,"href":"http:\/\/www.mustafaozcan.info\/blog\/wp-json\/wp\/v2\/tags?post=2987"}],"curies":[{"name":"wp","href":"https:\/\/api.w.org\/{rel}","templated":true}]}}