{"id":298,"date":"2013-05-14T23:19:20","date_gmt":"2013-05-14T20:19:20","guid":{"rendered":"http:\/\/www.mustafaozcan.info\/blog\/?p=298"},"modified":"2013-05-14T23:19:20","modified_gmt":"2013-05-14T20:19:20","slug":"windows-8-1-ucretsiz-olacak","status":"publish","type":"post","link":"http:\/\/www.mustafaozcan.info\/blog\/windows-8-1-ucretsiz-olacak.html","title":{"rendered":"Windows 8.1 \u00dccretsiz Olacak !"},"content":{"rendered":"<div class=\"musta-icerikten-once\" style=\"margin-left: auto;margin-right: auto;text-align: center;\" id=\"musta-2127076332\"><div id=\"waldo-tag-4179\"><\/div><\/div><p>Windows i\u015fletim sisteminin son s\u00fcr\u00fcm\u00fc olarak \u00e7\u0131kmas\u0131 beklenen ve \u015fimdiden Windows Blue kod ad\u0131yla an\u0131lan Windows 8.1 hakk\u0131nda Windows\u2019un sat\u0131\u015f ve pazarlama ba\u015fkan\u0131 Tami Reler \u00f6nemli a\u00e7\u0131klamalarda bulundu.<\/p>\n<p>Az \u00f6nce Akt\u00fcel \u0130nternet sitesinden okudu\u011fum yaz\u0131 ile Windows&#8217;\u0131n g\u00fcncellemesi olan Windows 8.1 \u00fccretsiz olarak da\u011f\u0131t\u0131lacak.<\/p>\n<p>J.P.Morgan K\u00fcresel\u00a0<a title=\"Teknoloji\" href=\"http:\/\/www.aktuelinternet.com\/haberleri\/Teknoloji\" target=\"_blank\" rel=\"noopener\">Teknoloji<\/a>\u00a0Grubu taraf\u0131ndan Boston\u2019da d\u00fcn sabah ger\u00e7ekle\u015ftirilen Medya ve \u0130leti\u015fim konferans\u0131na konu\u015fmac\u0131 olarak kat\u0131lan Reler, yeni bir isimle an\u0131lacak Windows 8.1 i\u015fletim sisteminin Windows 8 kullan\u0131c\u0131lar\u0131 taraf\u0131ndan \u00fccretsiz g\u00fcncellenebilece\u011fini s\u00f6yledi. Bu a\u00e7\u0131klamay\u0131 ayn\u0131 zamanda kendi blo\u011funda da payla\u015ft\u0131.<\/p>\n<p>San\u0131r\u0131z Windows 8\u2019in \u015fu ana kadar zaten 739 kez g\u00fcncellendi\u011fi ve yeni bir g\u00fcncellemenin neden bir versiyon y\u00fckseltme olarak sunuldu\u011fu sorusu Reler\u2019\u0131n da akl\u0131na gelmi\u015f olacak ki konferansta \u201cbu seferki yenilik \u00f6nceki haftal\u0131k g\u00fcncelleme ve yamalardan \u00e7ok daha \u00f6nemli de\u011fi\u015fiklikler i\u00e7erecek\u201d a\u00e7\u0131klamas\u0131nda bulundu.<\/p>\n<p>Windows 8 ile kaybetti\u011fimiz Ba\u015flang\u0131\u00e7 butonuna Windows 8.1 ile yeniden kavu\u015fur muyuz bilinmez \u00e7\u00fcnk\u00fc bunu anlamak i\u00e7in 26 Haziran\u2019da San Francisco\u2019da ger\u00e7ekle\u015ftirilecek Microsoft \u00fcr\u00fcn tan\u0131t\u0131m toplant\u0131s\u0131na kadar beklemeliyiz; ama Reler\u2019\u0131n a\u00e7\u0131klamas\u0131na g\u00f6re Microsoft k\u0131\u015f tatili gelmeden Windows 8.1\u2019i d\u00fcnya piyasas\u0131na s\u00fcrmeye haz\u0131rlan\u0131yor<\/p>\n<p>Kaynak:<a href=\"http:\/\/www.aktuelinternet.com\/teknoloji\/windows-81-ucretsiz-olacak-h805.html\" target=\"_blank\" rel=\"noopener\">Windows 8.1 \u00dccretsiz Olacak !<\/a><\/p>\n<div class=\"musta-icerikten-sonra\" id=\"musta-968359521\"><div id=\"waldo-tag-4184\"><\/div><\/div>","protected":false},"excerpt":{"rendered":"<p>Windows i\u015fletim sisteminin son s\u00fcr\u00fcm\u00fc olarak \u00e7\u0131kmas\u0131 beklenen ve \u015fimdiden Windows Blue kod ad\u0131yla an\u0131lan Windows 8.1 hakk\u0131nda Windows\u2019un sat\u0131\u015f ve pazarlama ba\u015fkan\u0131 Tami Reler \u00f6nemli a\u00e7\u0131klamalarda bulundu. Az \u00f6nce Akt\u00fcel \u0130nternet sitesinden okudu\u011fum yaz\u0131 ile Windows&#8217;\u0131n g\u00fcncellemesi olan Windows 8.1 \u00fccretsiz olarak da\u011f\u0131t\u0131lacak. J.P.Morgan K\u00fcresel\u00a0Teknoloji\u00a0Grubu taraf\u0131ndan Boston\u2019da d\u00fcn sabah ger\u00e7ekle\u015ftirilen Medya ve \u0130leti\u015fim konferans\u0131na [&hellip;]<\/p>\n","protected":false},"author":1,"featured_media":0,"comment_status":"open","ping_status":"open","sticky":false,"template":"","format":"standard","meta":{"powered_cache_disable_cache":false,"powered_cache_disable_critical_css":false,"powered_cache_specific_critical_css":false,"powered_cache_disable_css_optimization":false,"powered_cache_disable_js_optimization":false,"powered_cache_disable_js_defer":false,"powered_cache_disable_js_delay":false,"footnotes":"","_links_to":"","_links_to_target":""},"categories":[141],"tags":[227,229,230,228],"class_list":["post-298","post","type-post","status-publish","format-standard","hentry","category-yazilim","tag-windows-8-1","tag-windows-8-1-indir","tag-windows-8-1-ne-zaman-cikacak","tag-windows-8-1-ucrettsiz"],"_links":{"self":[{"href":"http:\/\/www.mustafaozcan.info\/blog\/wp-json\/wp\/v2\/posts\/298","targetHints":{"allow":["GET"]}}],"collection":[{"href":"http:\/\/www.mustafaozcan.info\/blog\/wp-json\/wp\/v2\/posts"}],"about":[{"href":"http:\/\/www.mustafaozcan.info\/blog\/wp-json\/wp\/v2\/types\/post"}],"author":[{"embeddable":true,"href":"http:\/\/www.mustafaozcan.info\/blog\/wp-json\/wp\/v2\/users\/1"}],"replies":[{"embeddable":true,"href":"http:\/\/www.mustafaozcan.info\/blog\/wp-json\/wp\/v2\/comments?post=298"}],"version-history":[{"count":0,"href":"http:\/\/www.mustafaozcan.info\/blog\/wp-json\/wp\/v2\/posts\/298\/revisions"}],"wp:attachment":[{"href":"http:\/\/www.mustafaozcan.info\/blog\/wp-json\/wp\/v2\/media?parent=298"}],"wp:term":[{"taxonomy":"category","embeddable":true,"href":"http:\/\/www.mustafaozcan.info\/blog\/wp-json\/wp\/v2\/categories?post=298"},{"taxonomy":"post_tag","embeddable":true,"href":"http:\/\/www.mustafaozcan.info\/blog\/wp-json\/wp\/v2\/tags?post=298"}],"curies":[{"name":"wp","href":"https:\/\/api.w.org\/{rel}","templated":true}]}}