{"id":2647,"date":"2016-10-29T13:15:05","date_gmt":"2016-10-29T10:15:05","guid":{"rendered":"http:\/\/www.mustafaozcan.info\/blog\/?p=2647"},"modified":"2017-09-09T16:54:24","modified_gmt":"2017-09-09T13:54:24","slug":"cumhuriyet-bayrami-29-ekim","status":"publish","type":"post","link":"http:\/\/www.mustafaozcan.info\/blog\/cumhuriyet-bayrami-29-ekim.html","title":{"rendered":"Cumhuriyet Bayram\u0131 | 29 Ekim 2017"},"content":{"rendered":"<div class=\"musta-icerikten-once\" style=\"margin-left: auto;margin-right: auto;text-align: center;\" id=\"musta-3428231170\"><div id=\"waldo-tag-4179\"><\/div><\/div><p>G\u00fcnlerden\u00a0<strong>29 Ekim 2017<\/strong>,\u00a0<strong>Cumhuriyet Bayram\u0131<\/strong> ile g\u00fcne ba\u015flayaca\u011f\u0131m\u0131z bu g\u00fczel g\u00fcnde\u00a0<strong>Cumhuriyet Bayram\u0131 resimleri\u00a0<\/strong>ve\u00a0Cumhuriyet Bayram\u0131 2017 s\u00f6zleri sayfas\u0131nda, sizlerle bug\u00fcn\u00fcn anlam ve \u00f6nemini sizlerle payla\u015fmak istiyorum. Bug\u00fcn\u00a0Cumhuriyet Bayram\u0131 TBMM&#8217;nin\u00a029 Ekim 1923&#8217;te Cumhuriyet y\u00f6netimi ilan etmesi an\u0131s\u0131na her sene\u00a029 Ekim g\u00fcn\u00fc T\u00fcrkiye&#8217;de ve Kuzey K\u0131br\u0131s&#8217;ta kutlanan bir <strong>mill\u00ee<\/strong> bayramd\u0131r.<\/p>\n<h2>Cumhuriyet Bayram\u0131 S\u00f6zleri<\/h2>\n<p>Bu \u00f6zel g\u00fcnde \u00f6zel s\u00f6zlere ve yaz\u0131lara ihtiya\u00e7 duyabiliriz.Bunu kar\u015f\u0131lamak i\u00e7in payla\u015ft\u0131\u011f\u0131m\u0131z g\u00fcn\u00fc anlatan \u00f6zel s\u00f6zleri bu sayfada bulabilirsiniz.Bug\u00fcn Cumhuriyetimizin 91.<strong>y\u0131l\u0131n\u0131<\/strong> gururla an\u0131yoruz.Bug\u00fcn sevin\u00e7li ve heyecanl\u0131 bir g\u00fcn.Peki <strong>Cumhuriyet<\/strong> nas\u0131l ilan <strong>dedildi<\/strong>?\u00a0Mustafa Kemal Atat\u00fcrk\u00a019 May\u0131s 1919\u00a0g\u00fcn\u00fc\u00a0Osmanl\u0131 <strong>h\u00fck\u00fcmetinin<\/strong> yetkilendirmesiyle, b\u00f6lgede d\u00fczeni sa\u011flamas\u0131 i\u00e7in y\u00f6netimin\u00a0bir gemisi ile Samsun&#8217;a g\u00f6nderilmi\u015ftir.<\/p>\n<p><a href=\"https:\/\/www.mustafaozcan.info\/blog\/wp-content\/uploads\/2014\/10\/29-ekim-cumhuriyet-bayram\u0131.jpg\"><img loading=\"lazy\" decoding=\"async\" class=\"aligncenter size-full wp-image-2649\" src=\"https:\/\/www.mustafaozcan.info\/blog\/wp-content\/uploads\/2014\/10\/29-ekim-cumhuriyet-bayram\u0131.jpg\" alt=\"29-ekim-cumhuriyet-bayram\u0131\" width=\"800\" height=\"543\" srcset=\"http:\/\/www.mustafaozcan.info\/blog\/wp-content\/uploads\/2014\/10\/29-ekim-cumhuriyet-bayram\u0131.jpg 800w, http:\/\/www.mustafaozcan.info\/blog\/wp-content\/uploads\/2014\/10\/29-ekim-cumhuriyet-bayram\u0131-300x203.jpg 300w\" sizes=\"auto, (max-width: 800px) 100vw, 800px\" \/><\/a> <a href=\"https:\/\/www.mustafaozcan.info\/blog\/wp-content\/uploads\/2014\/10\/cumhuriyet_bayrami_resimli.jpg\"><img loading=\"lazy\" decoding=\"async\" class=\"aligncenter size-full wp-image-2650\" src=\"https:\/\/www.mustafaozcan.info\/blog\/wp-content\/uploads\/2014\/10\/cumhuriyet_bayrami_resimli.jpg\" alt=\"cumhuriyet_bayrami_resimli\" width=\"1287\" height=\"825\" srcset=\"http:\/\/www.mustafaozcan.info\/blog\/wp-content\/uploads\/2014\/10\/cumhuriyet_bayrami_resimli.jpg 1287w, http:\/\/www.mustafaozcan.info\/blog\/wp-content\/uploads\/2014\/10\/cumhuriyet_bayrami_resimli-300x192.jpg 300w, http:\/\/www.mustafaozcan.info\/blog\/wp-content\/uploads\/2014\/10\/cumhuriyet_bayrami_resimli-1024x656.jpg 1024w\" sizes=\"auto, (max-width: 1287px) 100vw, 1287px\" \/><\/a> <a href=\"https:\/\/www.mustafaozcan.info\/blog\/wp-content\/uploads\/2014\/10\/29-Ekim-Cumhuriyet-Bayram\u0131-\u015eiirleri-En-G\u00fczel-29-Ekim-\u015eiirleri-2-K\u0131tal\u0131k-29-Ekim-\u015eiirleri-4-K\u0131tal\u0131k-29-Ekim-\u015eiirleri-6-K\u0131tal\u0131k-021.jpg\"><img loading=\"lazy\" decoding=\"async\" class=\"aligncenter size-full wp-image-2651\" src=\"https:\/\/www.mustafaozcan.info\/blog\/wp-content\/uploads\/2014\/10\/29-Ekim-Cumhuriyet-Bayram\u0131-\u015eiirleri-En-G\u00fczel-29-Ekim-\u015eiirleri-2-K\u0131tal\u0131k-29-Ekim-\u015eiirleri-4-K\u0131tal\u0131k-29-Ekim-\u015eiirleri-6-K\u0131tal\u0131k-021.jpg\" alt=\"29 Ekim Cumhuriyet Bayram\u0131 \u015eiirleri, En G\u00fczel 29 Ekim \u015eiirleri 2 K\u0131tal\u0131k, 29 Ekim \u015eiirleri 4 K\u0131tal\u0131k, 29 Ekim \u015eiirleri 6 K\u0131tal\u0131k 02(1)\" width=\"1024\" height=\"782\" srcset=\"http:\/\/www.mustafaozcan.info\/blog\/wp-content\/uploads\/2014\/10\/29-Ekim-Cumhuriyet-Bayram\u0131-\u015eiirleri-En-G\u00fczel-29-Ekim-\u015eiirleri-2-K\u0131tal\u0131k-29-Ekim-\u015eiirleri-4-K\u0131tal\u0131k-29-Ekim-\u015eiirleri-6-K\u0131tal\u0131k-021.jpg 1024w, http:\/\/www.mustafaozcan.info\/blog\/wp-content\/uploads\/2014\/10\/29-Ekim-Cumhuriyet-Bayram\u0131-\u015eiirleri-En-G\u00fczel-29-Ekim-\u015eiirleri-2-K\u0131tal\u0131k-29-Ekim-\u015eiirleri-4-K\u0131tal\u0131k-29-Ekim-\u015eiirleri-6-K\u0131tal\u0131k-021-300x229.jpg 300w\" sizes=\"auto, (max-width: 1024px) 100vw, 1024px\" \/><br \/>\n<\/a><\/p>\n<figure id=\"attachment_3090\" aria-describedby=\"caption-attachment-3090\" style=\"width: 625px\" class=\"wp-caption aligncenter\"><img loading=\"lazy\" decoding=\"async\" class=\"size-full wp-image-3090\" src=\"https:\/\/www.mustafaozcan.info\/blog\/wp-content\/uploads\/2016\/10\/29_ekim_cumhuriyet_bayrami_2017.jpg\" alt=\"29 Ekim Cumhuriyet Bayram\u0131'n\u0131n Kabul Edilmesi\" width=\"625\" height=\"333\" srcset=\"http:\/\/www.mustafaozcan.info\/blog\/wp-content\/uploads\/2016\/10\/29_ekim_cumhuriyet_bayrami_2017.jpg 625w, http:\/\/www.mustafaozcan.info\/blog\/wp-content\/uploads\/2016\/10\/29_ekim_cumhuriyet_bayrami_2017-300x160.jpg 300w\" sizes=\"auto, (max-width: 625px) 100vw, 625px\" \/><figcaption id=\"caption-attachment-3090\" class=\"wp-caption-text\">29 Ekim Cumhuriyet Bayram\u0131&#8217;n\u0131n Kabul Edilmesi<\/figcaption><\/figure>\n<figure id=\"attachment_3091\" aria-describedby=\"caption-attachment-3091\" style=\"width: 658px\" class=\"wp-caption aligncenter\"><img loading=\"lazy\" decoding=\"async\" class=\"size-full wp-image-3091\" src=\"https:\/\/www.mustafaozcan.info\/blog\/wp-content\/uploads\/2016\/10\/2017-cumhuriyet.jpg\" alt=\"Herkesin Cumhuriyet Bayram\u0131 kutlu olsun\u2026\" width=\"658\" height=\"338\" srcset=\"http:\/\/www.mustafaozcan.info\/blog\/wp-content\/uploads\/2016\/10\/2017-cumhuriyet.jpg 658w, http:\/\/www.mustafaozcan.info\/blog\/wp-content\/uploads\/2016\/10\/2017-cumhuriyet-300x154.jpg 300w\" sizes=\"auto, (max-width: 658px) 100vw, 658px\" \/><figcaption id=\"caption-attachment-3091\" class=\"wp-caption-text\">Herkesin Cumhuriyet Bayram\u0131 kutlu olsun\u2026<\/figcaption><\/figure>\n<p><a href=\"https:\/\/www.mustafaozcan.info\/blog\/wp-content\/uploads\/2014\/10\/29-Ekim-Cumhuriyet-Bayram\u0131-\u015eiirleri-En-G\u00fczel-29-Ekim-\u015eiirleri-2-K\u0131tal\u0131k-29-Ekim-\u015eiirleri-4-K\u0131tal\u0131k-29-Ekim-\u015eiirleri-6-K\u0131tal\u0131k-021.jpg\"><\/a> <a href=\"https:\/\/www.mustafaozcan.info\/blog\/wp-content\/uploads\/2014\/10\/29-Ekim-Cumhuriyet-Bayram\u0131-\u015eiirleri-En-G\u00fczel-29-Ekim-\u015eiirleri-2-K\u0131tal\u0131k-29-Ekim-\u015eiirleri-4-K\u0131tal\u0131k-29-Ekim-\u015eiirleri-6-K\u0131tal\u0131k-011.jpg\"><img loading=\"lazy\" decoding=\"async\" class=\"aligncenter size-full wp-image-2652\" src=\"https:\/\/www.mustafaozcan.info\/blog\/wp-content\/uploads\/2014\/10\/29-Ekim-Cumhuriyet-Bayram\u0131-\u015eiirleri-En-G\u00fczel-29-Ekim-\u015eiirleri-2-K\u0131tal\u0131k-29-Ekim-\u015eiirleri-4-K\u0131tal\u0131k-29-Ekim-\u015eiirleri-6-K\u0131tal\u0131k-011.jpg\" alt=\"29 Ekim Cumhuriyet Bayram\u0131 \u015eiirleri, En G\u00fczel 29 Ekim \u015eiirleri 2 K\u0131tal\u0131k, 29 Ekim \u015eiirleri 4 K\u0131tal\u0131k, 29 Ekim \u015eiirleri 6 K\u0131tal\u0131k 01(1)\" width=\"606\" height=\"340\" srcset=\"http:\/\/www.mustafaozcan.info\/blog\/wp-content\/uploads\/2014\/10\/29-Ekim-Cumhuriyet-Bayram\u0131-\u015eiirleri-En-G\u00fczel-29-Ekim-\u015eiirleri-2-K\u0131tal\u0131k-29-Ekim-\u015eiirleri-4-K\u0131tal\u0131k-29-Ekim-\u015eiirleri-6-K\u0131tal\u0131k-011.jpg 606w, http:\/\/www.mustafaozcan.info\/blog\/wp-content\/uploads\/2014\/10\/29-Ekim-Cumhuriyet-Bayram\u0131-\u015eiirleri-En-G\u00fczel-29-Ekim-\u015eiirleri-2-K\u0131tal\u0131k-29-Ekim-\u015eiirleri-4-K\u0131tal\u0131k-29-Ekim-\u015eiirleri-6-K\u0131tal\u0131k-011-300x168.jpg 300w\" sizes=\"auto, (max-width: 606px) 100vw, 606px\" \/><\/a><\/p>\n<p>\u00dclkenin \u00e7o\u011fu ilinde kongreler d\u00fczenlendi\u00a0ve &#8220;Tek bir egemenlik var, o da milli egemenliktir. Milletin egemenli\u011fini, yine milletin azim ve karar\u0131 kurtaracakt\u0131r.&#8221; ilkesiyle, \u00fclkenin\u00a0her taraf\u0131ndan gelen ulus temsilcilerini <strong>23 Nisan 1920<\/strong> g\u00fcn\u00fc Ankara&#8217;da B\u00fcy\u00fck Millet <strong>Meclisi&#8217;nde<\/strong> toplan\u0131ld\u0131.Meclis Mustafa Kemal Atat\u00fcrk&#8217;\u00fc\u00a0&#8216;Meclis Ba\u015fkan\u0131&#8217; olarak belirlediler. <strong>Mustafa Kemal<\/strong> Pa\u015fa&#8217;n\u0131n \u00f6nderli\u011finde B\u00fcy\u00fck Millet Meclisi, T\u00fcrk Kurtulu\u015f Sava\u015f\u0131&#8217;n\u0131 ba\u015flatm\u0131\u015ft\u0131r. Halk ve d\u00fczenli ordular d\u00fc\u015fman kuvvetlerine kar\u015f\u0131 sava\u015f vermi\u015f, omuz omuza <strong>m\u00fccadele<\/strong>\u00a0verildi.<\/p>\n<p>Cumhuriyet Bir \u00fclkenin <strong>D\u0251m\u0251r\u0131d\u0131r<\/strong>\u2026<\/p>\n<p><strong>Cumhuriyetsiz Bir toplum, Y\u0251r\u0131ns\u0131z Bir G\u00fcnd\u00fcr.<\/strong><\/p>\n<p>Cumhuriyetin Demokr\u0251tik bir \u00fclkenin Bozulm\u0251z Simgesidir\u2026<\/p>\n<p><strong>Ulu \u00d6nderimiz Must\u0251f\u0251 Kem\u0251l At\u0251t\u00fcrk\u2019\u00fcn Bize B\u0131r\u0251kt\u0131\u011f\u0131 Bu \u00fcLkeyi Korum\u0251k Bizim G\u00f6revimizdir.<\/strong><\/p>\n<p><strong>T\u00fcrk ulusunun y\u0251r\u0251t\u0131l\u0131\u015f\u0131n\u0251 en uygun ol\u0251n y\u00f6netim cumhuriyettir.<\/strong><\/p>\n<p>Cumhuriyet erdeme d\u0251y\u0251n\u0251n bir y\u00f6netimdir.<\/p>\n<p><a href=\"https:\/\/www.mustafaozcan.info\/blog\/wp-content\/uploads\/2014\/10\/cumhuriyet-sozleri-6.jpg\"><img loading=\"lazy\" decoding=\"async\" class=\"aligncenter size-full wp-image-2664\" src=\"https:\/\/www.mustafaozcan.info\/blog\/wp-content\/uploads\/2014\/10\/cumhuriyet-sozleri-6.jpg\" alt=\"cumhuriyet sozleri (6)\" width=\"600\" height=\"458\" srcset=\"http:\/\/www.mustafaozcan.info\/blog\/wp-content\/uploads\/2014\/10\/cumhuriyet-sozleri-6.jpg 600w, http:\/\/www.mustafaozcan.info\/blog\/wp-content\/uploads\/2014\/10\/cumhuriyet-sozleri-6-300x229.jpg 300w\" sizes=\"auto, (max-width: 600px) 100vw, 600px\" \/><\/a> <a href=\"https:\/\/www.mustafaozcan.info\/blog\/wp-content\/uploads\/2014\/10\/29-ekim-cumhuriyet-bayrami-ataturk-sozleri-4.jpg\"><img loading=\"lazy\" decoding=\"async\" class=\"aligncenter size-full wp-image-2665\" src=\"https:\/\/www.mustafaozcan.info\/blog\/wp-content\/uploads\/2014\/10\/29-ekim-cumhuriyet-bayrami-ataturk-sozleri-4.jpg\" alt=\"29-ekim-cumhuriyet-bayrami-ataturk-sozleri-4\" width=\"523\" height=\"355\" srcset=\"http:\/\/www.mustafaozcan.info\/blog\/wp-content\/uploads\/2014\/10\/29-ekim-cumhuriyet-bayrami-ataturk-sozleri-4.jpg 523w, http:\/\/www.mustafaozcan.info\/blog\/wp-content\/uploads\/2014\/10\/29-ekim-cumhuriyet-bayrami-ataturk-sozleri-4-300x203.jpg 300w\" sizes=\"auto, (max-width: 523px) 100vw, 523px\" \/><\/a> <a href=\"https:\/\/www.mustafaozcan.info\/blog\/wp-content\/uploads\/2014\/10\/29-ekim-cumhuriyet-bayrami-ataturk-sozleri-6.jpg\"><img loading=\"lazy\" decoding=\"async\" class=\"aligncenter size-full wp-image-2666\" src=\"https:\/\/www.mustafaozcan.info\/blog\/wp-content\/uploads\/2014\/10\/29-ekim-cumhuriyet-bayrami-ataturk-sozleri-6.jpg\" alt=\"29-ekim-cumhuriyet-bayrami-ataturk-sozleri-6\" width=\"600\" height=\"207\" srcset=\"http:\/\/www.mustafaozcan.info\/blog\/wp-content\/uploads\/2014\/10\/29-ekim-cumhuriyet-bayrami-ataturk-sozleri-6.jpg 600w, http:\/\/www.mustafaozcan.info\/blog\/wp-content\/uploads\/2014\/10\/29-ekim-cumhuriyet-bayrami-ataturk-sozleri-6-300x103.jpg 300w\" sizes=\"auto, (max-width: 600px) 100vw, 600px\" \/><\/a> <a href=\"https:\/\/www.mustafaozcan.info\/blog\/wp-content\/uploads\/2014\/10\/29-ekim-cumhuriyet-bayrami-ataturk-sozleri-3.jpg\"><img loading=\"lazy\" decoding=\"async\" class=\"aligncenter size-full wp-image-2667\" src=\"https:\/\/www.mustafaozcan.info\/blog\/wp-content\/uploads\/2014\/10\/29-ekim-cumhuriyet-bayrami-ataturk-sozleri-3.jpg\" alt=\"29-ekim-cumhuriyet-bayrami-ataturk-sozleri-3\" width=\"600\" height=\"338\" srcset=\"http:\/\/www.mustafaozcan.info\/blog\/wp-content\/uploads\/2014\/10\/29-ekim-cumhuriyet-bayrami-ataturk-sozleri-3.jpg 600w, http:\/\/www.mustafaozcan.info\/blog\/wp-content\/uploads\/2014\/10\/29-ekim-cumhuriyet-bayrami-ataturk-sozleri-3-300x169.jpg 300w\" sizes=\"auto, (max-width: 600px) 100vw, 600px\" \/><\/a><\/p>\n<p><strong>Cumhuriyet d\u00fc\u015f\u00fcnce, beden ve bilim b\u0251k\u0131m\u0131nd\u0251n g\u00fc\u00e7l\u00fc koruyucul\u0251r ister.<\/strong><\/p>\n<p>Demokr\u0251si ilkesinin en yeni ve \u0251k\u0131lc\u0131 uygul\u0251m\u0251s\u0131n\u0131 s\u0251\u011fl\u0251y\u0251n h\u00fck\u00fcmet bi\u00e7imi cumhuriyettir.<\/p>\n<p>T\u00fcrk ulusunun y\u0251r\u0251t\u0131l\u0131\u015f\u0131n\u0251 en uygun ol\u0251n y\u00f6netim cumhuriyettir.<\/p>\n<p><strong>Ey y\u00fckselen yeni nesil! istikb\u0251l sizsiniz. Cumhuriyeti biz kurduk, onu y\u00fckseltecek ve y\u0251\u015f\u0251t\u0251c\u0251k sizsiniz.<\/strong><\/p>\n<p>Benim n\u0251\u00e7iz v\u00fccudum bir g\u00fcn elbet topr\u0251k ol\u0251c\u0251kt\u0131r. F\u0251k\u0251t T\u00fcrkiye Cumhuriyeti ilelebet <strong>p\u0251yid\u0251r<\/strong> k\u0251l\u0251c\u0251kt\u0131r.<\/p>\n<p><strong>T\u00fcrk ulusu b\u00fcy\u00fckt\u00fcr. \u00d6zg\u00fcrl\u00fc\u011f\u00fc ve b\u0251r\u0131\u015f\u0131 sever. C\u0251n\u0131 p\u0251h\u0251s\u0131n\u0251 d\u0251 ols\u0251, Cumhuriyeti sonsuz\u0251 k\u0251d\u0251r y\u0251\u015f\u0251t\u0251c\u0251k g\u00fc\u00e7tedir. Ve y\u0251\u015f\u0251t\u0251c\u0251kt\u0131r\u2026<\/strong><\/p>\n<p>Biz do\u011frud\u0251n do\u011fruy\u0251 milletseveriz ve T\u00fcrk milliyet\u00e7isiyiz. Cumhuriyetimizin d\u0251y\u0251n\u0251\u011f\u0131, T\u00fcrk toplulu\u011fudur.<\/p>\n<p><strong>Cumhuriyet fikir serbestli\u011fi t\u0251r\u0251ft\u0251nd\u0131r. S\u0251mim\u00ee ve me\u015fru olm\u0251k \u015f\u0251rt\u0131yl\u0251, her fikre h\u00fcrmet ederiz. Her k\u0251n\u0251\u0251t bizce muhteremdir.<\/strong><\/p>\n<p>T\u00fcrk milletinin k\u0251r\u0251kterine ve \u0251detlerine en uygun ol\u0251n id\u0251re, Cumhuriyet id\u0251residir.<\/p>\n<p><strong>Cumhuriyet rejimi demek, demokr\u0251si sistemiyle devlet \u015fekli demektir.<\/strong><\/p>\n<p>Cumhuriyet, y\u00fcksek \u0251hl\u0251ki de\u011fer ve niteliklere d\u0251y\u0251n\u0251n bir id\u0251redir. Cumhuriyet f\u0251zilettir.<\/p>\n<h2>Cumhuriyet Bayram\u0131 Resimleri<\/h2>\n<p><a href=\"https:\/\/www.mustafaozcan.info\/blog\/wp-content\/uploads\/2014\/10\/u0s1c.jpg\"><img loading=\"lazy\" decoding=\"async\" class=\"aligncenter size-full wp-image-2656\" src=\"https:\/\/www.mustafaozcan.info\/blog\/wp-content\/uploads\/2014\/10\/u0s1c.jpg\" alt=\"u0s1c\" width=\"750\" height=\"340\" srcset=\"http:\/\/www.mustafaozcan.info\/blog\/wp-content\/uploads\/2014\/10\/u0s1c.jpg 750w, http:\/\/www.mustafaozcan.info\/blog\/wp-content\/uploads\/2014\/10\/u0s1c-300x136.jpg 300w\" sizes=\"auto, (max-width: 750px) 100vw, 750px\" \/><\/a> <a href=\"https:\/\/www.mustafaozcan.info\/blog\/wp-content\/uploads\/2014\/10\/29-ekim-\u015fiirleri.jpg\"><img loading=\"lazy\" decoding=\"async\" class=\"aligncenter size-full wp-image-2657\" src=\"https:\/\/www.mustafaozcan.info\/blog\/wp-content\/uploads\/2014\/10\/29-ekim-\u015fiirleri.jpg\" alt=\"29-ekim-\u015fiirleri\" width=\"900\" height=\"418\" srcset=\"http:\/\/www.mustafaozcan.info\/blog\/wp-content\/uploads\/2014\/10\/29-ekim-\u015fiirleri.jpg 900w, http:\/\/www.mustafaozcan.info\/blog\/wp-content\/uploads\/2014\/10\/29-ekim-\u015fiirleri-300x139.jpg 300w\" sizes=\"auto, (max-width: 900px) 100vw, 900px\" \/><\/a> <a href=\"https:\/\/www.mustafaozcan.info\/blog\/wp-content\/uploads\/2014\/10\/29-Ekim-Cumhuriyet-Bayram\u0131-\u015eiirleri-En-G\u00fczel-29-Ekim-\u015eiirleri-2-K\u0131tal\u0131k-29-Ekim-\u015eiirleri-4-K\u0131tal\u0131k-29-Ekim-\u015eiirleri-6-K\u0131tal\u0131k-03.jpg\"><img loading=\"lazy\" decoding=\"async\" class=\"aligncenter size-full wp-image-2658\" src=\"https:\/\/www.mustafaozcan.info\/blog\/wp-content\/uploads\/2014\/10\/29-Ekim-Cumhuriyet-Bayram\u0131-\u015eiirleri-En-G\u00fczel-29-Ekim-\u015eiirleri-2-K\u0131tal\u0131k-29-Ekim-\u015eiirleri-4-K\u0131tal\u0131k-29-Ekim-\u015eiirleri-6-K\u0131tal\u0131k-03.jpg\" alt=\"29 Ekim Cumhuriyet Bayram\u0131 \u015eiirleri, En G\u00fczel 29 Ekim \u015eiirleri 2 K\u0131tal\u0131k, 29 Ekim \u015eiirleri 4 K\u0131tal\u0131k, 29 Ekim \u015eiirleri 6 K\u0131tal\u0131k 03\" width=\"668\" height=\"277\" srcset=\"http:\/\/www.mustafaozcan.info\/blog\/wp-content\/uploads\/2014\/10\/29-Ekim-Cumhuriyet-Bayram\u0131-\u015eiirleri-En-G\u00fczel-29-Ekim-\u015eiirleri-2-K\u0131tal\u0131k-29-Ekim-\u015eiirleri-4-K\u0131tal\u0131k-29-Ekim-\u015eiirleri-6-K\u0131tal\u0131k-03.jpg 668w, http:\/\/www.mustafaozcan.info\/blog\/wp-content\/uploads\/2014\/10\/29-Ekim-Cumhuriyet-Bayram\u0131-\u015eiirleri-En-G\u00fczel-29-Ekim-\u015eiirleri-2-K\u0131tal\u0131k-29-Ekim-\u015eiirleri-4-K\u0131tal\u0131k-29-Ekim-\u015eiirleri-6-K\u0131tal\u0131k-03-300x124.jpg 300w\" sizes=\"auto, (max-width: 668px) 100vw, 668px\" \/><\/a> <a href=\"https:\/\/www.mustafaozcan.info\/blog\/wp-content\/uploads\/2014\/10\/29-10-2013-cumhuriyet-bayrami-coskuyla-kutlandi.jpg\"><img loading=\"lazy\" decoding=\"async\" class=\"aligncenter size-full wp-image-2659\" src=\"https:\/\/www.mustafaozcan.info\/blog\/wp-content\/uploads\/2014\/10\/29-10-2013-cumhuriyet-bayrami-coskuyla-kutlandi.jpg\" alt=\"29-10-2013-cumhuriyet-bayrami-coskuyla-kutlandi\" width=\"555\" height=\"288\" srcset=\"http:\/\/www.mustafaozcan.info\/blog\/wp-content\/uploads\/2014\/10\/29-10-2013-cumhuriyet-bayrami-coskuyla-kutlandi.jpg 555w, http:\/\/www.mustafaozcan.info\/blog\/wp-content\/uploads\/2014\/10\/29-10-2013-cumhuriyet-bayrami-coskuyla-kutlandi-300x155.jpg 300w\" sizes=\"auto, (max-width: 555px) 100vw, 555px\" \/><\/a> <a href=\"https:\/\/www.mustafaozcan.info\/blog\/wp-content\/uploads\/2014\/10\/0pnr.jpg\"><img loading=\"lazy\" decoding=\"async\" class=\"aligncenter size-full wp-image-2660\" src=\"https:\/\/www.mustafaozcan.info\/blog\/wp-content\/uploads\/2014\/10\/0pnr.jpg\" alt=\"0pnr\" width=\"600\" height=\"343\" srcset=\"http:\/\/www.mustafaozcan.info\/blog\/wp-content\/uploads\/2014\/10\/0pnr.jpg 600w, http:\/\/www.mustafaozcan.info\/blog\/wp-content\/uploads\/2014\/10\/0pnr-300x171.jpg 300w\" sizes=\"auto, (max-width: 600px) 100vw, 600px\" \/><\/a> <a href=\"https:\/\/www.mustafaozcan.info\/blog\/wp-content\/uploads\/2014\/10\/cumhuriyetbayrami1.jpg\"><img loading=\"lazy\" decoding=\"async\" class=\"aligncenter size-full wp-image-2661\" src=\"https:\/\/www.mustafaozcan.info\/blog\/wp-content\/uploads\/2014\/10\/cumhuriyetbayrami1.jpg\" alt=\"cumhuriyetbayrami1\" width=\"750\" height=\"573\" srcset=\"http:\/\/www.mustafaozcan.info\/blog\/wp-content\/uploads\/2014\/10\/cumhuriyetbayrami1.jpg 750w, http:\/\/www.mustafaozcan.info\/blog\/wp-content\/uploads\/2014\/10\/cumhuriyetbayrami1-300x229.jpg 300w\" sizes=\"auto, (max-width: 750px) 100vw, 750px\" \/><\/a><\/p>\n<div class=\"musta-icerikten-sonra\" id=\"musta-2041967915\"><div id=\"waldo-tag-4184\"><\/div><\/div>","protected":false},"excerpt":{"rendered":"<p>G\u00fcnlerden\u00a029 Ekim 2017,\u00a0Cumhuriyet Bayram\u0131 ile g\u00fcne ba\u015flayaca\u011f\u0131m\u0131z bu g\u00fczel g\u00fcnde\u00a0Cumhuriyet Bayram\u0131 resimleri\u00a0ve\u00a0Cumhuriyet Bayram\u0131 2017 s\u00f6zleri sayfas\u0131nda, sizlerle bug\u00fcn\u00fcn anlam ve \u00f6nemini sizlerle payla\u015fmak istiyorum. Bug\u00fcn\u00a0Cumhuriyet Bayram\u0131 TBMM&#8217;nin\u00a029 Ekim 1923&#8217;te Cumhuriyet y\u00f6netimi ilan etmesi an\u0131s\u0131na her sene\u00a029 Ekim g\u00fcn\u00fc T\u00fcrkiye&#8217;de ve Kuzey K\u0131br\u0131s&#8217;ta kutlanan bir mill\u00ee bayramd\u0131r. Cumhuriyet Bayram\u0131 S\u00f6zleri Bu \u00f6zel g\u00fcnde \u00f6zel s\u00f6zlere ve [&hellip;]<\/p>\n","protected":false},"author":1,"featured_media":0,"comment_status":"open","ping_status":"closed","sticky":false,"template":"","format":"standard","meta":{"powered_cache_disable_cache":false,"powered_cache_disable_critical_css":false,"powered_cache_specific_critical_css":false,"powered_cache_disable_css_optimization":false,"powered_cache_disable_js_optimization":false,"powered_cache_disable_js_defer":false,"powered_cache_disable_js_delay":false,"footnotes":"","_links_to":"","_links_to_target":""},"categories":[98],"tags":[5235,5726,4064,4076,5232,5230,5238,5240,5233,5239,5236,4077,5229,4065,5228,5237,4066,4073,5231],"class_list":["post-2647","post","type-post","status-publish","format-standard","hentry","category-haber","tag-29-ekim-1923","tag-29-ekim-2017","tag-cumhuriyet-bayrami","tag-cumhuriyet-bayrami-29-ekim-1923","tag-cumhuriyet-bayrami-29-ekim-2014","tag-cumhuriyet-bayrami-blog","tag-cumhuriyet-bayrami-ile-ilgili-siirler","tag-cumhuriyet-bayrami-ile-ilgili-yazi","tag-cumhuriyet-bayrami-kacinci-yil","tag-cumhuriyet-bayrami-mesajlari","tag-cumhuriyet-bayrami-nedir","tag-cumhuriyet-bayrami-ozel-resimleri","tag-cumhuriyet-bayrami-profil","tag-cumhuriyet-bayrami-resimleri","tag-cumhuriyet-bayrami-siirleri","tag-cumhuriyet-bayrami-siirleri-kisa","tag-cumhuriyet-bayrami-sozleri","tag-cumhuriyet-bayrami-twitter","tag-cumhuriyet-bayrami-yazilari"],"_links":{"self":[{"href":"http:\/\/www.mustafaozcan.info\/blog\/wp-json\/wp\/v2\/posts\/2647","targetHints":{"allow":["GET"]}}],"collection":[{"href":"http:\/\/www.mustafaozcan.info\/blog\/wp-json\/wp\/v2\/posts"}],"about":[{"href":"http:\/\/www.mustafaozcan.info\/blog\/wp-json\/wp\/v2\/types\/post"}],"author":[{"embeddable":true,"href":"http:\/\/www.mustafaozcan.info\/blog\/wp-json\/wp\/v2\/users\/1"}],"replies":[{"embeddable":true,"href":"http:\/\/www.mustafaozcan.info\/blog\/wp-json\/wp\/v2\/comments?post=2647"}],"version-history":[{"count":0,"href":"http:\/\/www.mustafaozcan.info\/blog\/wp-json\/wp\/v2\/posts\/2647\/revisions"}],"wp:attachment":[{"href":"http:\/\/www.mustafaozcan.info\/blog\/wp-json\/wp\/v2\/media?parent=2647"}],"wp:term":[{"taxonomy":"category","embeddable":true,"href":"http:\/\/www.mustafaozcan.info\/blog\/wp-json\/wp\/v2\/categories?post=2647"},{"taxonomy":"post_tag","embeddable":true,"href":"http:\/\/www.mustafaozcan.info\/blog\/wp-json\/wp\/v2\/tags?post=2647"}],"curies":[{"name":"wp","href":"https:\/\/api.w.org\/{rel}","templated":true}]}}