{"id":2370,"date":"2014-04-11T17:52:44","date_gmt":"2014-04-11T14:52:44","guid":{"rendered":"http:\/\/www.mustafaozcan.info\/blog\/?p=2370"},"modified":"2014-04-11T17:52:44","modified_gmt":"2014-04-11T14:52:44","slug":"uluslararasi-yatirim-zirvesi-2014-tamamlandi","status":"publish","type":"post","link":"http:\/\/www.mustafaozcan.info\/blog\/uluslararasi-yatirim-zirvesi-2014-tamamlandi.html","title":{"rendered":"Uluslararas\u0131 Yat\u0131r\u0131m Zirvesi 2014 Tamamland\u0131"},"content":{"rendered":"<div class=\"musta-icerikten-once\" style=\"margin-left: auto;margin-right: auto;text-align: center;\" id=\"musta-3788116738\"><div id=\"waldo-tag-4179\"><\/div><\/div><p><strong>\u0130stanbul<\/strong>&#8216;da dev bir heyecan ile ba\u015flayan\u00a0<strong>Uluslararas\u0131 Yat\u0131r\u0131m Zirvesi<\/strong> 2014 bug\u00fcn tamamland\u0131.10-11 Nisan iki g\u00fcn olarak d\u00fczenlenen\u00a0zirvenin ilk g\u00fcn\u00fcnde &#8220;<strong>Mega Projeler ve \u0130n\u015faat<\/strong>&#8221; ba\u015fl\u0131\u011f\u0131 alt\u0131nda, mega projelerin finansman\u0131, T\u00fcrkiye&#8217;de yat\u0131r\u0131m ortam\u0131 g\u00f6r\u00fc\u015f\u00fcl\u00fcp, ikinci g\u00fcn\u00fcnde ise &#8220;<strong>Enerji, Ekonomik ve Siyasi \u0130stikrar<\/strong>&#8221; ba\u015fl\u0131\u011f\u0131 alt\u0131nda\u00a0<strong>Uluslararas\u0131 Yat\u0131r\u0131m Zirvesi<\/strong> tamamland\u0131.<\/p>\n<h1>Uluslararas\u0131 Yat\u0131r\u0131m Zirvesi<\/h1>\n<p>Enerji ve in\u015faat alan\u0131nda yar\u0131m trilyon dolarl\u0131k i\u015f hacmi olan <strong>K\u00f6rfez<\/strong> devlerini <strong>\u0130stanbul\u2019da<\/strong> a\u011f\u0131rlayan \u201c<strong>Uluslararas\u0131 Yat\u0131r\u0131m Zirvesi<\/strong>&#8221; b\u00fcy\u00fck yat\u0131r\u0131mlar ile tamamland\u0131.\u0130lk g\u00fcn, yakla\u015f\u0131k 460 ki\u015fiyi a\u011f\u0131rlayan zirvenin ikinci g\u00fcn\u00fcnde, a\u00e7\u0131l\u0131\u015f konu\u015fmas\u0131n\u0131 Kalk\u0131nma Bakan\u0131 <strong>Cevdet Y\u0131lmaz<\/strong>, kapan\u0131\u015f konu\u015fmas\u0131n\u0131 ise <strong>AK Parti Ekonomi \u0130\u015fleri Genel Ba\u015fkan Yard\u0131mc\u0131s\u0131 Numan Kurtulmu\u015f<\/strong> yaparak tamamland\u0131.\u00a0Zirvenin ikinci g\u00fcn\u00fcnde Enerji ve Tabii Kaynaklar Bakan\u0131 <strong>Taner Y\u0131ld\u0131z<\/strong> da zirvede, \u201cT\u00fcrkiye\u2019deki Enerji Alan\u0131ndaki Yat\u0131r\u0131m F\u0131rsatlar\u0131 ve Devam Etmekte Olan Mega Enerji Projeleri\u201d hakk\u0131nda bilgi verdi.<\/p>\n<h2>Uluslararas\u0131 Yat\u0131r\u0131m Zirvesi Program\u0131<\/h2>\n<p><strong>\u0130stanbul Yat\u0131r\u0131m Derne\u011fi<\/strong> ve Ortado\u011fu Ekonomi Platformu\u2019nca d\u00fczenlenen zirvenin ilk g\u00fcn\u00fcnde, Uluslararas\u0131 Yat\u0131r\u0131m Zirvesi Ba\u015fkan\u0131 <strong>Ha\u015fim S\u00fcng\u00fc <\/strong>ile ba\u015flay\u0131p, Ortado\u011fu Ekonomi Platformu Ba\u015fkan\u0131 Erdin \u00d6zel ile <strong>devam<\/strong> eden zirvede, \u0130stanbul Yat\u0131r\u0131m Derne\u011fi Ba\u015fkan\u0131 Mehmet Ulusoy, Ba\u015fbakanl\u0131k \u00d6zelle\u015ftirme \u0130daresi Ba\u015fkan\u0131 Ahmet Aksu, TOK\u0130 Ba\u015fkan Yard\u0131mc\u0131s\u0131 Dr. Ahmet \u015eahin, A\u011fao\u011flu \u015eirketler Y\u00f6netim Kurulu Ba\u015fkan\u0131 Ali A\u011fao\u011flu, Zamil Grup Ba\u015fkan\u0131 Dr. Abdulrahman Al Zamil ve Retaj International Ba\u015fkan\u0131 Mohammed Jawhar birer <strong>konu\u015fma<\/strong> yapt\u0131.<\/p>\n<p><strong>Zirvenin<\/strong> a\u00e7\u0131l\u0131\u015f\u0131nda Maliye Bakan\u0131 <strong>Mehmet<\/strong> <strong>\u015eim\u015fek<\/strong>, <strong>T\u00fcrkiye\u2019nin<\/strong> orta ve uzun vadeli temellerinin \u00e7ok g\u00fc\u00e7l\u00fc oldu\u011funa dikkati \u00e7ekerek, T\u00fcrkiye\u2019ye girmek i\u00e7in do\u011fru zaman oldu\u011funa dair g\u00f6stergelerde bulundu. T\u00fcrkiye\u2019de siyasi iktidar\u0131n <strong>kal\u0131c\u0131<\/strong> oldu\u011funu, T\u00fcrk ekonomisinin temel g\u00f6stergelerinin iyiye gitti\u011fini, cari a\u00e7\u0131\u011f\u0131n darald\u0131\u011f\u0131n\u0131 ve risklerin d\u00fc\u015fece\u011fini ifade <strong>eden<\/strong> \u015eim\u015fek, <strong>konu\u015fmas\u0131n\u0131n<\/strong> sonunda zirve kat\u0131l\u0131mc\u0131lar\u0131na, &#8220;\u015eahsen ben <strong>T\u00fcrkiye&#8217;ye<\/strong> yat\u0131r\u0131m yapar\u0131m&#8221; dedi. Bakan \u015eim\u015fek konu\u015fmas\u0131n\u0131n ard\u0131ndan, <strong>\u0130stanbul Yat\u0131r\u0131m Derne\u011fi Ba\u015fkan\u0131<\/strong> Mehmet Ulusoy\u2019a bir kitap hediye etti.<br \/>\n<a href=\"https:\/\/www.mustafaozcan.info\/blog\/wp-content\/uploads\/2014\/04\/uluslararasi-yatirim-zirvesi-mehmet-simsek.jpg\"><img loading=\"lazy\" decoding=\"async\" alt=\"uluslararasi-yatirim-zirvesi-mehmet-simsek\" src=\"https:\/\/www.mustafaozcan.info\/blog\/wp-content\/uploads\/2014\/04\/uluslararasi-yatirim-zirvesi-mehmet-simsek.jpg\" width=\"555\" height=\"288\" \/><\/a><\/p>\n<p>\u0130lk g\u00fcn\u00fc b\u00fcy\u00fck bir kat\u0131l\u0131m ile tamamlanan zirvede ikinci g\u00fcnde yine bakanlar\u0131 kat\u0131l\u0131m\u0131yla bas\u0131n\u0131n ve i\u015f adamlar\u0131n\u0131n ilgi oda\u011f\u0131 oldu.\u0130kinci g\u00fcnde\u00a0Kalk\u0131nma Bakan\u0131 <strong>Cevdet<\/strong> <strong>Y\u0131lmaz<\/strong> ile ba\u015flayan zirve, Kanal \u0130stanbul projesinin altyap\u0131s\u0131n\u0131 olu\u015fturduklar\u0131n\u0131, yak\u0131nda somut ad\u0131mlar\u0131 atacaklar\u0131n\u0131 s\u00f6yledi. Y\u0131lmaz, &#8220;2014-2018 y\u0131llar\u0131 aras\u0131nda kamu olarak 250 milyar dolarl\u0131k bir yat\u0131r\u0131m hacmi \u00f6ng\u00f6r\u00fcyoruz&#8221; dedi.<\/p>\n<p><a href=\"https:\/\/www.mustafaozcan.info\/blog\/wp-content\/uploads\/2014\/04\/cevdet-yilmaz-uluslararasi-yatirim-zirvesi.jpg\"><img loading=\"lazy\" decoding=\"async\" class=\"aligncenter size-full wp-image-2374\" alt=\"cevdet-yilmaz-uluslararasi-yatirim-zirvesi\" src=\"https:\/\/www.mustafaozcan.info\/blog\/wp-content\/uploads\/2014\/04\/cevdet-yilmaz-uluslararasi-yatirim-zirvesi.jpg\" width=\"400\" height=\"225\" srcset=\"http:\/\/www.mustafaozcan.info\/blog\/wp-content\/uploads\/2014\/04\/cevdet-yilmaz-uluslararasi-yatirim-zirvesi.jpg 400w, http:\/\/www.mustafaozcan.info\/blog\/wp-content\/uploads\/2014\/04\/cevdet-yilmaz-uluslararasi-yatirim-zirvesi-300x168.jpg 300w\" sizes=\"auto, (max-width: 400px) 100vw, 400px\" \/><\/a><\/p>\n<p><strong>Tasarruf<\/strong> Mevduat\u0131 Sigorta Fonu (TMSF) Ba\u015fkan\u0131 \u015eakir <strong>Ercan<\/strong> G\u00fcl,\u00a0TMSF olarak D\u00fcnya Mevduat Sigortac\u0131lar\u0131 Fonu&#8217;nun bir \u00fcyesi olduklar\u0131n\u0131,\u00a07 milyar dolar\u0131n \u00fczerinde bir rezerv biriktirdiklerini ve bu\u00a0fon rezervi ile\u00a0d\u00fcnyada bir numara <strong>olduklar\u0131n\u0131<\/strong> s\u00f6yledi.<\/p>\n<p itemprop=\"articleBody\">T\u00fcrk Hava Yollar\u0131 (THY) Genel M\u00fcd\u00fcr\u00fc <strong>Temel Kotil<\/strong> ise\u00a0<strong>THY<\/strong> olarak bu y\u00fczy\u0131l\u0131n farkl\u0131 oldu\u011funu bildiklerini s\u00f6yledi.<\/p>\n<p itemprop=\"articleBody\"><a href=\"https:\/\/www.mustafaozcan.info\/blog\/wp-content\/uploads\/2014\/04\/temel-kotil-uluslararasi-yatirim-zirvesi.jpg\"><img loading=\"lazy\" decoding=\"async\" class=\"aligncenter size-full wp-image-2376\" alt=\"temel-kotil-uluslararasi-yatirim-zirvesi\" src=\"https:\/\/www.mustafaozcan.info\/blog\/wp-content\/uploads\/2014\/04\/temel-kotil-uluslararasi-yatirim-zirvesi.jpg\" width=\"605\" height=\"522\" srcset=\"http:\/\/www.mustafaozcan.info\/blog\/wp-content\/uploads\/2014\/04\/temel-kotil-uluslararasi-yatirim-zirvesi.jpg 605w, http:\/\/www.mustafaozcan.info\/blog\/wp-content\/uploads\/2014\/04\/temel-kotil-uluslararasi-yatirim-zirvesi-300x258.jpg 300w\" sizes=\"auto, (max-width: 605px) 100vw, 605px\" \/><\/a><\/p>\n<p itemprop=\"articleBody\">Ekonomik g\u00fc\u00e7 ile seyahat aras\u0131nda bir korelasyon oldu\u011funu aktaran Kotil, 20 y\u0131l sonra farkl\u0131 bir Afrika, farkl\u0131 bir T\u00fcrkiye, farkl\u0131 bir Uzakdo\u011fu olaca\u011f\u0131n\u0131 kaydetti.\u00a0<strong>Afrika&#8217;y\u0131<\/strong> di\u011fer <strong>havayollar\u0131na<\/strong> nazaran d\u00fcnyaya daha iyi ba\u011flad\u0131klar\u0131n\u0131 bildiren Kotil, THY&#8217;nin Afrika&#8217;da g\u00fc\u00e7l\u00fc bir ta\u015f\u0131y\u0131c\u0131 oldu\u011funu dile getirdi.<\/p>\n<p>Ard\u0131ndan yap\u0131lan g\u00f6r\u00fc\u015fmelerde <strong>Enerji<\/strong> ba\u015fl\u0131kl\u0131 konular konu\u015fulurken,\u00a0<strong>Bakan\u0131<\/strong> Y\u0131ld\u0131z&#8217;\u0131n kat\u0131l\u0131m\u0131yla, enerji sekt\u00f6r\u00fcndeki zam beklentilerine a\u00e7\u0131kl\u0131k getirerek, &#8220;<strong>Elektrik<\/strong> fiyatlar\u0131nda Nisan, May\u0131s ve Haziran ay\u0131n\u0131 kapsayan fiyatlar\u0131m\u0131z\u0131 a\u00e7\u0131klad\u0131k. <strong>Herhangi<\/strong> bir fiyat de\u011fi\u015fikli\u011fi s\u00f6z konusu olmayacak&#8221; dedi.<\/p>\n<p><a href=\"https:\/\/www.mustafaozcan.info\/blog\/wp-content\/uploads\/2014\/04\/taner-yildiz-uluslararasi-yatirim-zirvesi.jpg\"><img loading=\"lazy\" decoding=\"async\" class=\"aligncenter size-full wp-image-2377\" alt=\"taner-yildiz-uluslararasi-yatirim-zirvesi\" src=\"https:\/\/www.mustafaozcan.info\/blog\/wp-content\/uploads\/2014\/04\/taner-yildiz-uluslararasi-yatirim-zirvesi.jpg\" width=\"600\" height=\"800\" srcset=\"http:\/\/www.mustafaozcan.info\/blog\/wp-content\/uploads\/2014\/04\/taner-yildiz-uluslararasi-yatirim-zirvesi.jpg 600w, http:\/\/www.mustafaozcan.info\/blog\/wp-content\/uploads\/2014\/04\/taner-yildiz-uluslararasi-yatirim-zirvesi-225x300.jpg 225w\" sizes=\"auto, (max-width: 600px) 100vw, 600px\" \/><\/a><\/p>\n<p>Kapan\u0131\u015f konu\u015fmas\u0131n\u0131 yapmak i\u00e7in sahneye \u00e7\u0131kan <strong>Numan Kurtulmu\u015f<\/strong>:\u00a0&#8220;T\u00fcrkiye 30 y\u0131ld\u0131r ter\u00f6r nedeniyle 1.2 Trilyon $ l\u0131k iktisadi g\u00fcc\u00fcn\u00fc kaybetti&#8221;. Konu\u015fmalar\u0131n\u0131\u00a0T\u00fcrkiye&#8217;de politik reformlarla ekonomik reformlar\u0131 ay\u0131rmak m\u00fcmk\u00fcn de\u011fil s\u00f6z\u00fcyle devam ettiren ekonomi ve siyaset odakl\u0131 <strong>konu\u015fmas\u0131yla<\/strong> dikkat \u00e7ekti.<\/p>\n<p><a href=\"https:\/\/www.mustafaozcan.info\/blog\/wp-content\/uploads\/2014\/04\/uy-zirvesi-numan-kurtulmus.jpg\"><img loading=\"lazy\" decoding=\"async\" class=\"aligncenter size-full wp-image-2372\" alt=\"uy-zirvesi-numan-kurtulmus\" src=\"https:\/\/www.mustafaozcan.info\/blog\/wp-content\/uploads\/2014\/04\/uy-zirvesi-numan-kurtulmus.jpg\" width=\"816\" height=\"460\" srcset=\"http:\/\/www.mustafaozcan.info\/blog\/wp-content\/uploads\/2014\/04\/uy-zirvesi-numan-kurtulmus.jpg 816w, http:\/\/www.mustafaozcan.info\/blog\/wp-content\/uploads\/2014\/04\/uy-zirvesi-numan-kurtulmus-300x169.jpg 300w\" sizes=\"auto, (max-width: 816px) 100vw, 816px\" \/><\/a><\/p>\n<p>&nbsp;<\/p>\n<h2>Uluslararas\u0131 Yat\u0131r\u0131m Zirvesi Nas\u0131l Ge\u00e7ti?<\/h2>\n<p>Ger\u00e7ekten benim i\u00e7in \u00e7ok iyi bir deneyim olan\u00a0<strong>Uluslararas\u0131 Yat\u0131r\u0131m Zirvesi<\/strong> ile bir\u00e7ok firma hakk\u0131nda g\u00f6r\u00fc\u015f sahibi olup tan\u0131\u015fma f\u0131rsat\u0131 buldum,\u00fclkemize gelen yabanc\u0131 sermayenin do\u011fru y\u00f6nlendirilmesi konusunda firmalar\u0131m\u0131z\u0131n ciddi \u00e7al\u0131\u015fmalar\u0131na tan\u0131kl\u0131k ettim.Yap\u0131lan bu organizasyonlar\u0131n \u0130stanbul&#8217;da olmas\u0131 ger\u00e7ekten \u00e7ok gurur verici.<strong>Uluslararas\u0131 Yat\u0131r\u0131m Zirvesi<\/strong>ne kat\u0131lmama yard\u0131mc\u0131 olan\u00a0Gen\u00e7 Turizmciler Derne\u011fi ba\u015fkan\u0131 <a href=\"http:\/\/www.bulutbagci.com\/\" target=\"_blank\" rel=\"noopener\">Bulut Ba\u011fc\u0131<\/a>&#8216;ya buradan te\u015fekk\u00fcrlerimi iletiyorum.Daha b\u00fcy\u00fck yat\u0131r\u0131mlarda g\u00f6r\u00fc\u015fmek dile\u011fiyle esen kal\u0131n.<\/p>\n<p style=\"text-align: right;\"><strong>Mustafa \u00d6zcan<\/strong> \/ mustafa@mustafaozcan.info<\/p>\n<div class=\"musta-icerikten-sonra\" id=\"musta-1020156930\"><div id=\"waldo-tag-4184\"><\/div><\/div>","protected":false},"excerpt":{"rendered":"<p>\u0130stanbul&#8216;da dev bir heyecan ile ba\u015flayan\u00a0Uluslararas\u0131 Yat\u0131r\u0131m Zirvesi 2014 bug\u00fcn tamamland\u0131.10-11 Nisan iki g\u00fcn olarak d\u00fczenlenen\u00a0zirvenin ilk g\u00fcn\u00fcnde &#8220;Mega Projeler ve \u0130n\u015faat&#8221; ba\u015fl\u0131\u011f\u0131 alt\u0131nda, mega projelerin finansman\u0131, T\u00fcrkiye&#8217;de yat\u0131r\u0131m ortam\u0131 g\u00f6r\u00fc\u015f\u00fcl\u00fcp, ikinci g\u00fcn\u00fcnde ise &#8220;Enerji, Ekonomik ve Siyasi \u0130stikrar&#8221; ba\u015fl\u0131\u011f\u0131 alt\u0131nda\u00a0Uluslararas\u0131 Yat\u0131r\u0131m Zirvesi tamamland\u0131. Uluslararas\u0131 Yat\u0131r\u0131m Zirvesi Enerji ve in\u015faat alan\u0131nda yar\u0131m trilyon dolarl\u0131k i\u015f [&hellip;]<\/p>\n","protected":false},"author":1,"featured_media":0,"comment_status":"open","ping_status":"closed","sticky":false,"template":"","format":"standard","meta":{"powered_cache_disable_cache":false,"powered_cache_disable_critical_css":false,"powered_cache_specific_critical_css":false,"powered_cache_disable_css_optimization":false,"powered_cache_disable_js_optimization":false,"powered_cache_disable_js_defer":false,"powered_cache_disable_js_delay":false,"footnotes":"","_links_to":"","_links_to_target":""},"categories":[98],"tags":[2232,4824,4831,4832,4833,4835,4829,4838,4841,4834,4830,4836,4826,4827,4828,4825,4840,4839,4837],"class_list":["post-2370","post","type-post","status-publish","format-standard","hentry","category-haber","tag-istanbul","tag-uluslararasi-yatirim-zirvesi","tag-uluslararasi-yatirim-zirvesi-10-nisan","tag-uluslararasi-yatirim-zirvesi-11-nisan-2014","tag-uluslararasi-yatirim-zirvesi-2014","tag-uluslararasi-yatirim-zirvesi-canli-yayin","tag-uluslararasi-yatirim-zirvesi-cevdet-yilmaz","tag-uluslararasi-yatirim-zirvesi-hangi-firmalar","tag-uluslararasi-yatirim-zirvesi-istanbul","tag-uluslararasi-yatirim-zirvesi-izle","tag-uluslararasi-yatirim-zirvesi-mehmet-simsek","tag-uluslararasi-yatirim-zirvesi-nasildi","tag-uluslararasi-yatirim-zirvesi-resimleri","tag-uluslararasi-yatirim-zirvesi-taner-yildiz","tag-uluslararasi-yatirim-zirvesi-temel-kotil","tag-uluslararasi-yatirim-zirvesi-video","tag-uluslararasi-yatirim-zirvesi-yatirim","tag-uluslararasi-yatirim-zirvesi-yatirim-alanlar","tag-uluslararasi-yatirim-zirvesi-yatirimlari"],"_links":{"self":[{"href":"http:\/\/www.mustafaozcan.info\/blog\/wp-json\/wp\/v2\/posts\/2370","targetHints":{"allow":["GET"]}}],"collection":[{"href":"http:\/\/www.mustafaozcan.info\/blog\/wp-json\/wp\/v2\/posts"}],"about":[{"href":"http:\/\/www.mustafaozcan.info\/blog\/wp-json\/wp\/v2\/types\/post"}],"author":[{"embeddable":true,"href":"http:\/\/www.mustafaozcan.info\/blog\/wp-json\/wp\/v2\/users\/1"}],"replies":[{"embeddable":true,"href":"http:\/\/www.mustafaozcan.info\/blog\/wp-json\/wp\/v2\/comments?post=2370"}],"version-history":[{"count":0,"href":"http:\/\/www.mustafaozcan.info\/blog\/wp-json\/wp\/v2\/posts\/2370\/revisions"}],"wp:attachment":[{"href":"http:\/\/www.mustafaozcan.info\/blog\/wp-json\/wp\/v2\/media?parent=2370"}],"wp:term":[{"taxonomy":"category","embeddable":true,"href":"http:\/\/www.mustafaozcan.info\/blog\/wp-json\/wp\/v2\/categories?post=2370"},{"taxonomy":"post_tag","embeddable":true,"href":"http:\/\/www.mustafaozcan.info\/blog\/wp-json\/wp\/v2\/tags?post=2370"}],"curies":[{"name":"wp","href":"https:\/\/api.w.org\/{rel}","templated":true}]}}