{"id":2272,"date":"2014-03-06T23:44:22","date_gmt":"2014-03-06T21:44:22","guid":{"rendered":"http:\/\/www.mustafaozcan.info\/blog\/?p=2272"},"modified":"2014-03-07T11:58:51","modified_gmt":"2014-03-07T09:58:51","slug":"zaman-ulkenin-fisini-cekip-gidelim","status":"publish","type":"post","link":"http:\/\/www.mustafaozcan.info\/blog\/zaman-ulkenin-fisini-cekip-gidelim.html","title":{"rendered":"O zaman \u00dclke&#8217;nin fi\u015fini \u00e7ekip gidelim!"},"content":{"rendered":"<div class=\"musta-icerikten-once\" style=\"margin-left: auto;margin-right: auto;text-align: center;\" id=\"musta-1233129541\"><div id=\"waldo-tag-4179\"><\/div><\/div><p>Ba\u015fbakan <strong>Erdo\u011fan<\/strong> internet yasas\u0131 ile ilgili olarak 30 Mart&#8217;tan sonra yeni d\u00fczenleme yapacaklar\u0131n\u0131 belirterek &#8220;\u0130nternet yasas\u0131na malum \u00e7evreler itiraz ettiler. Yapabilece\u011fimiz kadar\u0131n\u0131 yapt\u0131k. O alanda da 30 Mart&#8217;tan sonra ataca\u011f\u0131m\u0131z yeni ad\u0131mlar var. Bu konuda kararl\u0131l\u0131\u011f\u0131m\u0131z var. Bu milleti Youtube&#8217;a Facebook&#8217;a yediremeyiz. <strong>Kapat\u0131lmalar\u0131<\/strong> da dahil.&#8221; diye konu\u015ftu.<\/p>\n<p>Bu sabah bir yenisi daha eklendi.<strong>Ula\u015ft\u0131rma Bakan\u0131 L\u00fctfi Elvan<\/strong>, \u201cBir \u00fclkenin Ba\u015fbakan\u0131na Cumhurba\u015fkan\u0131na k\u00fcf\u00fcrler edilecek olmad\u0131k hakaretler yap\u0131lacak. Yasad\u0131\u015f\u0131 birtak\u0131m g\u00f6r\u00fcnt\u00fcler al\u0131n\u0131p bunlar servis edilecek. Bunlar\u0131 da biz i\u00e7imize sindirece\u011fiz. B\u00f6yle bir \u015fey m\u00fcmk\u00fcn de\u011fil. B\u00f6yle bir \u015fey olamaz . Ger\u00e7ek hayatta su\u00e7 olan her \u015fey sanal hayatta da su\u00e7tur. D\u00fcnyan\u0131n hi\u00e7bir \u00fclkesinde bu t\u00fcr uygulamalara m\u00fcsaade edilmez. Buna sadece bizim de\u011fil muhalefetin de tepki g\u00f6stermesi gerekiyor . Maalesef onlar bunu siyaset arac\u0131 olarak kullan\u0131yor\u201d dedi.<\/p>\n<p>Hi\u00e7 sorun de\u011fil;<\/p>\n<blockquote>\n<h2><strong>O zaman \u00dclke&#8217;nin fi\u015fini \u00e7ekip gidelim!<\/strong><\/h2>\n<\/blockquote>\n<div class=\"musta-icerikten-sonra\" id=\"musta-4172235413\"><div id=\"waldo-tag-4184\"><\/div><\/div>","protected":false},"excerpt":{"rendered":"<p>Ba\u015fbakan Erdo\u011fan internet yasas\u0131 ile ilgili olarak 30 Mart&#8217;tan sonra yeni d\u00fczenleme yapacaklar\u0131n\u0131 belirterek &#8220;\u0130nternet yasas\u0131na malum \u00e7evreler itiraz ettiler. Yapabilece\u011fimiz kadar\u0131n\u0131 yapt\u0131k. O alanda da 30 Mart&#8217;tan sonra ataca\u011f\u0131m\u0131z yeni ad\u0131mlar var. Bu konuda kararl\u0131l\u0131\u011f\u0131m\u0131z var. Bu milleti Youtube&#8217;a Facebook&#8217;a yediremeyiz. Kapat\u0131lmalar\u0131 da dahil.&#8221; diye konu\u015ftu. Bu sabah bir yenisi daha eklendi.Ula\u015ft\u0131rma Bakan\u0131 L\u00fctfi [&hellip;]<\/p>\n","protected":false},"author":1,"featured_media":0,"comment_status":"open","ping_status":"closed","sticky":false,"template":"","format":"standard","meta":{"powered_cache_disable_cache":false,"powered_cache_disable_critical_css":false,"powered_cache_specific_critical_css":false,"powered_cache_disable_css_optimization":false,"powered_cache_disable_js_optimization":false,"powered_cache_disable_js_defer":false,"powered_cache_disable_js_delay":false,"footnotes":"","_links_to":"","_links_to_target":""},"categories":[98],"tags":[4692,4691,5699,2329,4689,4690,4493,80],"class_list":["post-2272","post","type-post","status-publish","format-standard","hentry","category-haber","tag-30-mart","tag-basbakan","tag-facebook","tag-internet-2","tag-internet-engelleme","tag-internet-yasalari","tag-internet-yasasi","tag-youtube"],"_links":{"self":[{"href":"http:\/\/www.mustafaozcan.info\/blog\/wp-json\/wp\/v2\/posts\/2272","targetHints":{"allow":["GET"]}}],"collection":[{"href":"http:\/\/www.mustafaozcan.info\/blog\/wp-json\/wp\/v2\/posts"}],"about":[{"href":"http:\/\/www.mustafaozcan.info\/blog\/wp-json\/wp\/v2\/types\/post"}],"author":[{"embeddable":true,"href":"http:\/\/www.mustafaozcan.info\/blog\/wp-json\/wp\/v2\/users\/1"}],"replies":[{"embeddable":true,"href":"http:\/\/www.mustafaozcan.info\/blog\/wp-json\/wp\/v2\/comments?post=2272"}],"version-history":[{"count":0,"href":"http:\/\/www.mustafaozcan.info\/blog\/wp-json\/wp\/v2\/posts\/2272\/revisions"}],"wp:attachment":[{"href":"http:\/\/www.mustafaozcan.info\/blog\/wp-json\/wp\/v2\/media?parent=2272"}],"wp:term":[{"taxonomy":"category","embeddable":true,"href":"http:\/\/www.mustafaozcan.info\/blog\/wp-json\/wp\/v2\/categories?post=2272"},{"taxonomy":"post_tag","embeddable":true,"href":"http:\/\/www.mustafaozcan.info\/blog\/wp-json\/wp\/v2\/tags?post=2272"}],"curies":[{"name":"wp","href":"https:\/\/api.w.org\/{rel}","templated":true}]}}