{"id":1858,"date":"2013-10-22T12:35:22","date_gmt":"2013-10-22T09:35:22","guid":{"rendered":"http:\/\/www.mustafaozcan.info\/blog\/?p=1858"},"modified":"2013-10-22T12:37:21","modified_gmt":"2013-10-22T09:37:21","slug":"andre-jacques-garnerin","status":"publish","type":"post","link":"http:\/\/www.mustafaozcan.info\/blog\/andre-jacques-garnerin.html","title":{"rendered":"Andr\u00e9-Jacques Garnerin Kimdir? | Doodle Andr\u00e9-Jacques Garnerin"},"content":{"rendered":"<div class=\"musta-icerikten-once\" style=\"margin-left: auto;margin-right: auto;text-align: center;\" id=\"musta-2521588791\"><div id=\"waldo-tag-4179\"><\/div><\/div><p><strong>Frans\u0131z<\/strong> havac\u0131 olan\u00a0<strong>Andr\u00e9<\/strong>&#8211;<strong>Jacques<\/strong> <strong>Garnerin<\/strong> havas\u0131z para\u015f\u00fct\u00fcn mucidi bug\u00fcn <strong>Google<\/strong> <strong>anasayfas\u0131na<\/strong> \u00e7\u0131kt\u0131.Andr\u00e9-Jacques Garnerin i\u00e7in para\u015f\u00fct ile atlama Doodle&#8217;\u0131n\u0131 t\u00fcm d\u00fcnya ile payla\u015ft\u0131.<strong>Frans\u0131z<\/strong> <strong>Devrim<\/strong> Sava\u015flar\u0131n\u0131n ilk a\u015famas\u0131nda Birle\u015fik Krall\u0131k Ordusu&#8217;na esir d\u00fc\u015ft\u00fc ve Avusturya&#8217;ya teslim edilerek <strong>Buda&#8217;da<\/strong> \u00fc\u00e7 y\u0131l tutuklu kald\u0131. Hapishaneden firar etmek i\u00e7in para\u015f\u00fct\u00fc tasarlad\u0131. Serbest b\u0131rak\u0131ld\u0131ktan sonra balonla u\u00e7maya devam etti.<\/p>\n<h1>Andr\u00e9-Jacques Garnerin<\/h1>\n<figure id=\"attachment_1860\" aria-describedby=\"caption-attachment-1860\" style=\"width: 455px\" class=\"wp-caption aligncenter\"><a href=\"https:\/\/www.mustafaozcan.info\/blog\/wp-content\/uploads\/2013\/10\/Andre-Jacques-Garnerin.png\"><img loading=\"lazy\" decoding=\"async\" class=\"size-full wp-image-1860\" alt=\"Andr\u00e9-Jacques Garnerin\" src=\"https:\/\/www.mustafaozcan.info\/blog\/wp-content\/uploads\/2013\/10\/Andre-Jacques-Garnerin.png\" width=\"455\" height=\"430\" srcset=\"http:\/\/www.mustafaozcan.info\/blog\/wp-content\/uploads\/2013\/10\/Andre-Jacques-Garnerin.png 455w, http:\/\/www.mustafaozcan.info\/blog\/wp-content\/uploads\/2013\/10\/Andre-Jacques-Garnerin-300x283.png 300w\" sizes=\"auto, (max-width: 455px) 100vw, 455px\" \/><\/a><figcaption id=\"caption-attachment-1860\" class=\"wp-caption-text\">Andr\u00e9-Jacques Garnerin<\/figcaption><\/figure>\n<p>K\u0131saca hayat\u0131n\u0131 payla\u015ft\u0131\u011f\u0131m\u0131z Google Doodle&#8217;\u0131n sanat\u00e7\u0131s\u0131 Andr\u00e9-Jacques Garnerin bug\u00fcn Google&#8217;\u0131n t\u00fcm anasayfalar\u0131nda Doodle olarak yay\u0131nland\u0131.\u00d6zel bir para\u015f\u00fct oyunu olarak yay\u0131nlanan Doodle i\u00e7in\u00a0<a href=\"https:\/\/www.google.com.tr\/webhp?hl=tr&amp;tab=ww&amp;ct=216th-anniversary-of-the-first-parachute-jump-5878607637381120-hp&amp;hl=tr&amp;oi=ddle&amp;q=Andr%C3%A9-Jacques%20Garnerin&amp;tab=ww\" target=\"_blank\" rel=\"noopener\">Andr\u00e9-Jacques Garnerin<\/a> adresinden arama yapabilirsiniz.<\/p>\n\n\t\t<style type=\"text\/css\">\n\t\t\t#gallery-1 {\n\t\t\t\tmargin: auto;\n\t\t\t}\n\t\t\t#gallery-1 .gallery-item {\n\t\t\t\tfloat: left;\n\t\t\t\tmargin-top: 10px;\n\t\t\t\ttext-align: center;\n\t\t\t\twidth: 33%;\n\t\t\t}\n\t\t\t#gallery-1 img {\n\t\t\t\tborder: 2px solid #cfcfcf;\n\t\t\t}\n\t\t\t#gallery-1 .gallery-caption {\n\t\t\t\tmargin-left: 0;\n\t\t\t}\n\t\t\t\/* see gallery_shortcode() in wp-includes\/media.php *\/\n\t\t<\/style>\n\t\t<div id='gallery-1' class='gallery galleryid-1858 gallery-columns-3 gallery-size-thumbnail'><dl class='gallery-item'>\n\t\t\t<dt class='gallery-icon portrait'>\n\t\t\t\t<a href=\"http:\/\/www.mustafaozcan.info\/blog\/wp-content\/uploads\/2013\/10\/Early_flight_02561u_4.jpg\"><img loading=\"lazy\" decoding=\"async\" width=\"150\" height=\"150\" src=\"http:\/\/www.mustafaozcan.info\/blog\/wp-content\/uploads\/2013\/10\/Early_flight_02561u_4-150x150.jpg\" class=\"attachment-thumbnail size-thumbnail\" alt=\"\" aria-describedby=\"gallery-1-1861\" \/><\/a>\n\t\t\t<\/dt>\n\t\t\t\t<dd class='wp-caption-text gallery-caption' id='gallery-1-1861'>\n\t\t\t\tAndr\u00e9-Jacques Garnerin\n\t\t\t\t<\/dd><\/dl><dl class='gallery-item'>\n\t\t\t<dt class='gallery-icon portrait'>\n\t\t\t\t<a href=\"http:\/\/www.mustafaozcan.info\/blog\/wp-content\/uploads\/2013\/10\/SuperStock_1899-19763.jpg\"><img loading=\"lazy\" decoding=\"async\" width=\"150\" height=\"150\" src=\"http:\/\/www.mustafaozcan.info\/blog\/wp-content\/uploads\/2013\/10\/SuperStock_1899-19763-150x150.jpg\" class=\"attachment-thumbnail size-thumbnail\" alt=\"\" aria-describedby=\"gallery-1-1862\" \/><\/a>\n\t\t\t<\/dt>\n\t\t\t\t<dd class='wp-caption-text gallery-caption' id='gallery-1-1862'>\n\t\t\t\tAndr\u00e9-Jacques Garnerin Resimleri\n\t\t\t\t<\/dd><\/dl><dl class='gallery-item'>\n\t\t\t<dt class='gallery-icon portrait'>\n\t\t\t\t<a href=\"http:\/\/www.mustafaozcan.info\/blog\/wp-content\/uploads\/2013\/10\/french-school-the-first-parachute-descent-by-andre-jacques-garnerin.jpg\"><img loading=\"lazy\" decoding=\"async\" width=\"150\" height=\"150\" src=\"http:\/\/www.mustafaozcan.info\/blog\/wp-content\/uploads\/2013\/10\/french-school-the-first-parachute-descent-by-andre-jacques-garnerin-150x150.jpg\" class=\"attachment-thumbnail size-thumbnail\" alt=\"\" aria-describedby=\"gallery-1-1863\" \/><\/a>\n\t\t\t<\/dt>\n\t\t\t\t<dd class='wp-caption-text gallery-caption' id='gallery-1-1863'>\n\t\t\t\tAndr\u00e9-Jacques Garnerin Pictures\n\t\t\t\t<\/dd><\/dl><br style=\"clear: both\" \/><dl class='gallery-item'>\n\t\t\t<dt class='gallery-icon portrait'>\n\t\t\t\t<a href=\"http:\/\/www.mustafaozcan.info\/blog\/wp-content\/uploads\/2013\/10\/garnerin_plaque_2_small.jpg\"><img loading=\"lazy\" decoding=\"async\" width=\"150\" height=\"150\" src=\"http:\/\/www.mustafaozcan.info\/blog\/wp-content\/uploads\/2013\/10\/garnerin_plaque_2_small-150x150.jpg\" class=\"attachment-thumbnail size-thumbnail\" alt=\"\" aria-describedby=\"gallery-1-1864\" \/><\/a>\n\t\t\t<\/dt>\n\t\t\t\t<dd class='wp-caption-text gallery-caption' id='gallery-1-1864'>\n\t\t\t\tAndr\u00e9-Jacques Garnerin Doodle\n\t\t\t\t<\/dd><\/dl><dl class='gallery-item'>\n\t\t\t<dt class='gallery-icon portrait'>\n\t\t\t\t<a href=\"http:\/\/www.mustafaozcan.info\/blog\/wp-content\/uploads\/2013\/10\/garnerin.jpg\"><img loading=\"lazy\" decoding=\"async\" width=\"150\" height=\"150\" src=\"http:\/\/www.mustafaozcan.info\/blog\/wp-content\/uploads\/2013\/10\/garnerin-150x150.jpg\" class=\"attachment-thumbnail size-thumbnail\" alt=\"\" aria-describedby=\"gallery-1-1865\" \/><\/a>\n\t\t\t<\/dt>\n\t\t\t\t<dd class='wp-caption-text gallery-caption' id='gallery-1-1865'>\n\t\t\t\tWho is Andr\u00e9-Jacques Garnerin\n\t\t\t\t<\/dd><\/dl><dl class='gallery-item'>\n\t\t\t<dt class='gallery-icon portrait'>\n\t\t\t\t<a href=\"http:\/\/www.mustafaozcan.info\/blog\/wp-content\/uploads\/2013\/10\/The-First-Parachute-Descent-By-Andre-Jacques-Garnerin-1770-1823-Over-Parc-Monceau-22nd-October-1797.jpg\"><img loading=\"lazy\" decoding=\"async\" width=\"150\" height=\"150\" src=\"http:\/\/www.mustafaozcan.info\/blog\/wp-content\/uploads\/2013\/10\/The-First-Parachute-Descent-By-Andre-Jacques-Garnerin-1770-1823-Over-Parc-Monceau-22nd-October-1797-150x150.jpg\" class=\"attachment-thumbnail size-thumbnail\" alt=\"\" aria-describedby=\"gallery-1-1866\" \/><\/a>\n\t\t\t<\/dt>\n\t\t\t\t<dd class='wp-caption-text gallery-caption' id='gallery-1-1866'>\n\t\t\t\tWho Garnerin\n\t\t\t\t<\/dd><\/dl><br style=\"clear: both\" \/><dl class='gallery-item'>\n\t\t\t<dt class='gallery-icon portrait'>\n\t\t\t\t<a href=\"http:\/\/www.mustafaozcan.info\/blog\/wp-content\/uploads\/2013\/10\/2637533.jpg\"><img loading=\"lazy\" decoding=\"async\" width=\"150\" height=\"150\" src=\"http:\/\/www.mustafaozcan.info\/blog\/wp-content\/uploads\/2013\/10\/2637533-150x150.jpg\" class=\"attachment-thumbnail size-thumbnail\" alt=\"\" aria-describedby=\"gallery-1-1867\" \/><\/a>\n\t\t\t<\/dt>\n\t\t\t\t<dd class='wp-caption-text gallery-caption' id='gallery-1-1867'>\n\t\t\t\tAndr\u00e9-Jacques Garnerin\n\t\t\t\t<\/dd><\/dl><dl class='gallery-item'>\n\t\t\t<dt class='gallery-icon portrait'>\n\t\t\t\t<a href=\"http:\/\/www.mustafaozcan.info\/blog\/wp-content\/uploads\/2013\/10\/969px-First_parachute2.jpg\"><img loading=\"lazy\" decoding=\"async\" width=\"150\" height=\"150\" src=\"http:\/\/www.mustafaozcan.info\/blog\/wp-content\/uploads\/2013\/10\/969px-First_parachute2-150x150.jpg\" class=\"attachment-thumbnail size-thumbnail\" alt=\"\" aria-describedby=\"gallery-1-1868\" \/><\/a>\n\t\t\t<\/dt>\n\t\t\t\t<dd class='wp-caption-text gallery-caption' id='gallery-1-1868'>\n\t\t\t\tAndr\u00e9-Jacques Garnerin\n\t\t\t\t<\/dd><\/dl><dl class='gallery-item'>\n\t\t\t<dt class='gallery-icon landscape'>\n\t\t\t\t<a href=\"http:\/\/www.mustafaozcan.info\/blog\/wp-content\/uploads\/2013\/10\/Guarnerin.jpg\"><img loading=\"lazy\" decoding=\"async\" width=\"150\" height=\"150\" src=\"http:\/\/www.mustafaozcan.info\/blog\/wp-content\/uploads\/2013\/10\/Guarnerin-150x150.jpg\" class=\"attachment-thumbnail size-thumbnail\" alt=\"\" aria-describedby=\"gallery-1-1869\" srcset=\"http:\/\/www.mustafaozcan.info\/blog\/wp-content\/uploads\/2013\/10\/Guarnerin-150x150.jpg 150w, http:\/\/www.mustafaozcan.info\/blog\/wp-content\/uploads\/2013\/10\/Guarnerin-300x300.jpg 300w, http:\/\/www.mustafaozcan.info\/blog\/wp-content\/uploads\/2013\/10\/Guarnerin.jpg 347w\" sizes=\"auto, (max-width: 150px) 100vw, 150px\" \/><\/a>\n\t\t\t<\/dt>\n\t\t\t\t<dd class='wp-caption-text gallery-caption' id='gallery-1-1869'>\n\t\t\t\tAndr\u00e9-Jacques Garnerin\n\t\t\t\t<\/dd><\/dl><br style=\"clear: both\" \/>\n\t\t<\/div>\n\n<div class=\"musta-icerikten-sonra\" id=\"musta-2289931677\"><div id=\"waldo-tag-4184\"><\/div><\/div>","protected":false},"excerpt":{"rendered":"<p>Frans\u0131z havac\u0131 olan\u00a0Andr\u00e9&#8211;Jacques Garnerin havas\u0131z para\u015f\u00fct\u00fcn mucidi bug\u00fcn Google anasayfas\u0131na \u00e7\u0131kt\u0131.Andr\u00e9-Jacques Garnerin i\u00e7in para\u015f\u00fct ile atlama Doodle&#8217;\u0131n\u0131 t\u00fcm d\u00fcnya ile payla\u015ft\u0131.Frans\u0131z Devrim Sava\u015flar\u0131n\u0131n ilk a\u015famas\u0131nda Birle\u015fik Krall\u0131k Ordusu&#8217;na esir d\u00fc\u015ft\u00fc ve Avusturya&#8217;ya teslim edilerek Buda&#8217;da \u00fc\u00e7 y\u0131l tutuklu kald\u0131. Hapishaneden firar etmek i\u00e7in para\u015f\u00fct\u00fc tasarlad\u0131. Serbest b\u0131rak\u0131ld\u0131ktan sonra balonla u\u00e7maya devam etti. Andr\u00e9-Jacques Garnerin K\u0131saca [&hellip;]<\/p>\n","protected":false},"author":1,"featured_media":0,"comment_status":"open","ping_status":"closed","sticky":false,"template":"","format":"standard","meta":{"powered_cache_disable_cache":false,"powered_cache_disable_critical_css":false,"powered_cache_specific_critical_css":false,"powered_cache_disable_css_optimization":false,"powered_cache_disable_js_optimization":false,"powered_cache_disable_js_defer":false,"powered_cache_disable_js_delay":false,"footnotes":"","_links_to":"","_links_to_target":""},"categories":[794],"tags":[4001,4003,4006,4002,4005,4004],"class_list":["post-1858","post","type-post","status-publish","format-standard","hentry","category-unluler","tag-andre-jacques-garnerin","tag-andre-jacques-garnerin-doodle","tag-andre-jacques-garnerin-hayati","tag-andre-jacques-garnerin-kimdir","tag-andre-jacques-garnerin-kimdir-video","tag-andre-jacques-garnerin-resimleri"],"_links":{"self":[{"href":"http:\/\/www.mustafaozcan.info\/blog\/wp-json\/wp\/v2\/posts\/1858","targetHints":{"allow":["GET"]}}],"collection":[{"href":"http:\/\/www.mustafaozcan.info\/blog\/wp-json\/wp\/v2\/posts"}],"about":[{"href":"http:\/\/www.mustafaozcan.info\/blog\/wp-json\/wp\/v2\/types\/post"}],"author":[{"embeddable":true,"href":"http:\/\/www.mustafaozcan.info\/blog\/wp-json\/wp\/v2\/users\/1"}],"replies":[{"embeddable":true,"href":"http:\/\/www.mustafaozcan.info\/blog\/wp-json\/wp\/v2\/comments?post=1858"}],"version-history":[{"count":0,"href":"http:\/\/www.mustafaozcan.info\/blog\/wp-json\/wp\/v2\/posts\/1858\/revisions"}],"wp:attachment":[{"href":"http:\/\/www.mustafaozcan.info\/blog\/wp-json\/wp\/v2\/media?parent=1858"}],"wp:term":[{"taxonomy":"category","embeddable":true,"href":"http:\/\/www.mustafaozcan.info\/blog\/wp-json\/wp\/v2\/categories?post=1858"},{"taxonomy":"post_tag","embeddable":true,"href":"http:\/\/www.mustafaozcan.info\/blog\/wp-json\/wp\/v2\/tags?post=1858"}],"curies":[{"name":"wp","href":"https:\/\/api.w.org\/{rel}","templated":true}]}}