{"id":1299,"date":"2013-07-11T13:36:35","date_gmt":"2013-07-11T10:36:35","guid":{"rendered":"http:\/\/www.mustafaozcan.info\/blog\/?p=1299"},"modified":"2013-07-11T13:36:35","modified_gmt":"2013-07-11T10:36:35","slug":"instagramda-fotograf-ve-videolar-icin-embed-ozelligi-geldi","status":"publish","type":"post","link":"http:\/\/www.mustafaozcan.info\/blog\/instagramda-fotograf-ve-videolar-icin-embed-ozelligi-geldi.html","title":{"rendered":"Instagram&#8217;da foto\u011fraf ve videolar i\u00e7in Embed \u00d6zelli\u011fi Geldi"},"content":{"rendered":"<div class=\"musta-icerikten-once\" style=\"margin-left: auto;margin-right: auto;text-align: center;\" id=\"musta-3941330870\"><div id=\"waldo-tag-4179\"><\/div><\/div><p>Video \u00f6zelli\u011fi tan\u0131t\u0131lan<strong> Instagram<\/strong> foto\u011fraf ve videolar i\u00e7in <strong>Embed<\/strong> \u00f6zelli\u011fi geldi.Yeni yap\u0131lan g\u00fcncelleme ile foto\u011fraf ve videolar i\u00e7in embed \u00f6zelli\u011fi ile yine taht\u0131n sahibi olarak yerini koruyor.<\/p>\n<h1>Instagram Video<\/h1>\n<p><strong>Instagram<\/strong> d\u00fcn gece yay\u0131nlad\u0131\u011f\u0131 blog yaz\u0131s\u0131yla ise \u00f6nemli bir yenili\u011fi daha duyurdu. <strong>Instagram<\/strong>\u2019da art\u0131k web taray\u0131c\u0131lar\u0131 \u00fczerinde g\u00f6rd\u00fc\u011f\u00fcn\u00fcz t\u00fcm foto\u011fraf ve videolar\u0131 diledi\u011finiz yere <strong>embed<\/strong> ile ekleyebileceksiniz.<\/p>\n<p><a href=\"https:\/\/www.mustafaozcan.info\/blog\/wp-content\/uploads\/2013\/07\/insta.png\"><img loading=\"lazy\" decoding=\"async\" class=\"aligncenter size-full wp-image-1300\" alt=\"insta\" src=\"https:\/\/www.mustafaozcan.info\/blog\/wp-content\/uploads\/2013\/07\/insta.png\" width=\"560\" height=\"348\" srcset=\"http:\/\/www.mustafaozcan.info\/blog\/wp-content\/uploads\/2013\/07\/insta.png 560w, http:\/\/www.mustafaozcan.info\/blog\/wp-content\/uploads\/2013\/07\/insta-300x186.png 300w\" sizes=\"auto, (max-width: 560px) 100vw, 560px\" \/><\/a><\/p>\n<div class=\"musta-icerikten-sonra\" id=\"musta-2303705840\"><div id=\"waldo-tag-4184\"><\/div><\/div>","protected":false},"excerpt":{"rendered":"<p>Video \u00f6zelli\u011fi tan\u0131t\u0131lan Instagram foto\u011fraf ve videolar i\u00e7in Embed \u00f6zelli\u011fi geldi.Yeni yap\u0131lan g\u00fcncelleme ile foto\u011fraf ve videolar i\u00e7in embed \u00f6zelli\u011fi ile yine taht\u0131n sahibi olarak yerini koruyor. Instagram Video Instagram d\u00fcn gece yay\u0131nlad\u0131\u011f\u0131 blog yaz\u0131s\u0131yla ise \u00f6nemli bir yenili\u011fi daha duyurdu. Instagram\u2019da art\u0131k web taray\u0131c\u0131lar\u0131 \u00fczerinde g\u00f6rd\u00fc\u011f\u00fcn\u00fcz t\u00fcm foto\u011fraf ve videolar\u0131 diledi\u011finiz yere embed ile [&hellip;]<\/p>\n","protected":false},"author":1,"featured_media":0,"comment_status":"open","ping_status":"closed","sticky":false,"template":"","format":"standard","meta":{"powered_cache_disable_cache":false,"powered_cache_disable_critical_css":false,"powered_cache_specific_critical_css":false,"powered_cache_disable_css_optimization":false,"powered_cache_disable_js_optimization":false,"powered_cache_disable_js_defer":false,"powered_cache_disable_js_delay":false,"footnotes":"","_links_to":"","_links_to_target":""},"categories":[214],"tags":[2107,2106,2104,2105,2102,2103,1053,2108,1055,1054],"class_list":["post-1299","post","type-post","status-publish","format-standard","hentry","category-internet","tag-instagram-embed-api","tag-instagram-embed-kodu","tag-instagram-fotograflari-siteye-ekleme","tag-instagram-kodu","tag-instagram-resim-ekleme","tag-instagram-resimleri-siteye-ekleme","tag-instagram-video","tag-instagram-video-nasil-cekilir","tag-instagram-video-nasil-yapilir","tag-instagram-video-ozelligi"],"_links":{"self":[{"href":"http:\/\/www.mustafaozcan.info\/blog\/wp-json\/wp\/v2\/posts\/1299","targetHints":{"allow":["GET"]}}],"collection":[{"href":"http:\/\/www.mustafaozcan.info\/blog\/wp-json\/wp\/v2\/posts"}],"about":[{"href":"http:\/\/www.mustafaozcan.info\/blog\/wp-json\/wp\/v2\/types\/post"}],"author":[{"embeddable":true,"href":"http:\/\/www.mustafaozcan.info\/blog\/wp-json\/wp\/v2\/users\/1"}],"replies":[{"embeddable":true,"href":"http:\/\/www.mustafaozcan.info\/blog\/wp-json\/wp\/v2\/comments?post=1299"}],"version-history":[{"count":0,"href":"http:\/\/www.mustafaozcan.info\/blog\/wp-json\/wp\/v2\/posts\/1299\/revisions"}],"wp:attachment":[{"href":"http:\/\/www.mustafaozcan.info\/blog\/wp-json\/wp\/v2\/media?parent=1299"}],"wp:term":[{"taxonomy":"category","embeddable":true,"href":"http:\/\/www.mustafaozcan.info\/blog\/wp-json\/wp\/v2\/categories?post=1299"},{"taxonomy":"post_tag","embeddable":true,"href":"http:\/\/www.mustafaozcan.info\/blog\/wp-json\/wp\/v2\/tags?post=1299"}],"curies":[{"name":"wp","href":"https:\/\/api.w.org\/{rel}","templated":true}]}}