{"id":1290,"date":"2013-07-10T19:00:23","date_gmt":"2013-07-10T16:00:23","guid":{"rendered":"http:\/\/www.mustafaozcan.info\/blog\/?p=1290"},"modified":"2013-07-10T19:00:23","modified_gmt":"2013-07-10T16:00:23","slug":"2013-trabzon-imsakiyesi-trabzon-iftar-vakti-sahur-saatleri","status":"publish","type":"post","link":"http:\/\/www.mustafaozcan.info\/blog\/2013-trabzon-imsakiyesi-trabzon-iftar-vakti-sahur-saatleri.html","title":{"rendered":"2013 Trabzon \u0130msakiyesi \u2013 Trabzon \u0130ftar Vakti \u2013 Sahur Saatleri"},"content":{"rendered":"<div class=\"musta-icerikten-once\" style=\"margin-left: auto;margin-right: auto;text-align: center;\" id=\"musta-1319567466\"><div id=\"waldo-tag-4179\"><\/div><\/div><p>2013 y\u0131l\u0131n\u0131n <strong>Ramazan<\/strong> ay\u0131n\u0131n<strong> Trabzon<\/strong> imsakiyesi ile sizlere 2013 y\u0131l\u0131nda Trabzon&#8217;un<strong> Namaz Vakitlerin<\/strong>i sizlerle\u00a0Trabzon namaz vakitleri, Trabzon iftar saati 2013, Trabzon iftar vakti, <strong>Trabzon ezan vakitleri<\/strong>, 2013 Trabzon ramazan imsakiyesi, <strong>Trabzon sahur<\/strong> vakti, <em><strong>2013 Trabzon imsakiye<\/strong><\/em>, <strong>Trabzon iftar saatleri<\/strong>, Trabzon ak\u015fam namaz\u0131 vakti, <strong>Trabzon namaz saatleri<\/strong> ve 2013 y\u0131l\u0131 Trabzon imsak \u00a0konusunda bilgi verelim.<\/p>\n<p>Bu M\u00fcbarek ayda Trabzon ilinin iftar,imsak vakitlerini sizlerle payla\u015faca\u011f\u0131z.<strong>Sahur vakitlerleri<\/strong> konusunda Trabzon ezan vakitleri konusunda bir <strong>ayl\u0131k<\/strong> s\u00fcrede yard\u0131mc\u0131 olacak imsakiye payla\u015fal\u0131m.<\/p>\n<p>&nbsp;<\/p>\n<h1>Trabzon \u0130msakiyesi<\/h1>\n<p>Diyanet taraf\u0131ndan yay\u0131nlanan namaz saatlerini <strong>9 Temmuz Sal\u0131<\/strong> g\u00fcn\u00fc 8 A\u011fustos 2013 Per\u015fembe g\u00fcn\u00fc hep birlikte Ramazan Bayram\u0131 co\u015fkusunu ya\u015fayaca\u011f\u0131z.Trabzon<strong> iftar saatleri<\/strong> konusunda sizlere bilgi verece\u011fimiz 2013 Trabzon \u0130msakiyesi sizlerle!<\/p>\n<div class=\"musta-icerikten-sonra\" id=\"musta-720919432\"><div id=\"waldo-tag-4184\"><\/div><\/div>","protected":false},"excerpt":{"rendered":"<p>2013 y\u0131l\u0131n\u0131n Ramazan ay\u0131n\u0131n Trabzon imsakiyesi ile sizlere 2013 y\u0131l\u0131nda Trabzon&#8217;un Namaz Vakitlerini sizlerle\u00a0Trabzon namaz vakitleri, Trabzon iftar saati 2013, Trabzon iftar vakti, Trabzon ezan vakitleri, 2013 Trabzon ramazan imsakiyesi, Trabzon sahur vakti, 2013 Trabzon imsakiye, Trabzon iftar saatleri, Trabzon ak\u015fam namaz\u0131 vakti, Trabzon namaz saatleri ve 2013 y\u0131l\u0131 Trabzon imsak \u00a0konusunda bilgi verelim. Bu [&hellip;]<\/p>\n","protected":false},"author":1,"featured_media":0,"comment_status":"open","ping_status":"closed","sticky":false,"template":"","format":"standard","meta":{"powered_cache_disable_cache":false,"powered_cache_disable_critical_css":false,"powered_cache_specific_critical_css":false,"powered_cache_disable_css_optimization":false,"powered_cache_disable_js_optimization":false,"powered_cache_disable_js_defer":false,"powered_cache_disable_js_delay":false,"footnotes":"","_links_to":"","_links_to_target":""},"categories":[1938],"tags":[2070,2071,1846,2072,2073,1847,2074,2075,2076,2077,2078,2079,2080,2081,2082,2083,2084,2085],"class_list":["post-1290","post","type-post","status-publish","format-standard","hentry","category-imsakiyeler","tag-2013-trabzon-imsakiye","tag-2013-trabzon-ramazan-imsakiyesi","tag-2013-yili-ramazan-imsakiyesi","tag-2013-yili-trabzon-imsak-sahur-vakitleri","tag-iftar-saati-trabzon-2013","tag-imsakiye","tag-imsakiye-trabzon-2013","tag-kacta-okunacak-aksam-ezani-sahur-trabzon","tag-trabzon-aksam-namazi-vakti","tag-trabzon-ezan-vakitleri","tag-trabzon-iftar-saati-2013","tag-trabzon-iftar-saatleri","tag-trabzon-iftar-vakti","tag-trabzon-imsakiyesi-indir","tag-trabzon-namaz-saatleri-ve-2013-yili-trabzon-imsak","tag-trabzon-namaz-vakitleri","tag-trabzon-sahur-vakti","tag-trabzonda-aksam-ezani-kacta-okunuyor"],"_links":{"self":[{"href":"http:\/\/www.mustafaozcan.info\/blog\/wp-json\/wp\/v2\/posts\/1290","targetHints":{"allow":["GET"]}}],"collection":[{"href":"http:\/\/www.mustafaozcan.info\/blog\/wp-json\/wp\/v2\/posts"}],"about":[{"href":"http:\/\/www.mustafaozcan.info\/blog\/wp-json\/wp\/v2\/types\/post"}],"author":[{"embeddable":true,"href":"http:\/\/www.mustafaozcan.info\/blog\/wp-json\/wp\/v2\/users\/1"}],"replies":[{"embeddable":true,"href":"http:\/\/www.mustafaozcan.info\/blog\/wp-json\/wp\/v2\/comments?post=1290"}],"version-history":[{"count":0,"href":"http:\/\/www.mustafaozcan.info\/blog\/wp-json\/wp\/v2\/posts\/1290\/revisions"}],"wp:attachment":[{"href":"http:\/\/www.mustafaozcan.info\/blog\/wp-json\/wp\/v2\/media?parent=1290"}],"wp:term":[{"taxonomy":"category","embeddable":true,"href":"http:\/\/www.mustafaozcan.info\/blog\/wp-json\/wp\/v2\/categories?post=1290"},{"taxonomy":"post_tag","embeddable":true,"href":"http:\/\/www.mustafaozcan.info\/blog\/wp-json\/wp\/v2\/tags?post=1290"}],"curies":[{"name":"wp","href":"https:\/\/api.w.org\/{rel}","templated":true}]}}