{"id":1286,"date":"2013-07-10T18:59:22","date_gmt":"2013-07-10T15:59:22","guid":{"rendered":"http:\/\/www.mustafaozcan.info\/blog\/?p=1286"},"modified":"2013-07-10T18:59:22","modified_gmt":"2013-07-10T15:59:22","slug":"2013-tunceli-imsakiyesi-tunceli-iftar-vakti-sahur-saatleri","status":"publish","type":"post","link":"http:\/\/www.mustafaozcan.info\/blog\/2013-tunceli-imsakiyesi-tunceli-iftar-vakti-sahur-saatleri.html","title":{"rendered":"2013 Tunceli \u0130msakiyesi \u2013 Tunceli \u0130ftar Vakti \u2013 Sahur Saatleri"},"content":{"rendered":"<div class=\"musta-icerikten-once\" style=\"margin-left: auto;margin-right: auto;text-align: center;\" id=\"musta-3641072067\"><div id=\"waldo-tag-4179\"><\/div><\/div><p>2013 y\u0131l\u0131n\u0131n <strong>Ramazan<\/strong> ay\u0131n\u0131n<strong> Tunceli<\/strong> imsakiyesi ile sizlere 2013 y\u0131l\u0131nda Tunceli&#8217;un<strong> Namaz Vakitlerin<\/strong>i sizlerle\u00a0Tunceli namaz vakitleri, Tunceli iftar saati 2013, Tunceli iftar vakti, <strong>Tunceli ezan vakitleri<\/strong>, 2013 Tunceli ramazan imsakiyesi, <strong>Tunceli sahur<\/strong> vakti, <em><strong>2013 Tunceli imsakiye<\/strong><\/em>, <strong>Tunceli iftar saatleri<\/strong>, Tunceli ak\u015fam namaz\u0131 vakti, <strong>Tunceli namaz saatleri<\/strong> ve 2013 y\u0131l\u0131 Tunceli imsak \u00a0konusunda bilgi verelim.<\/p>\n<p>Bu M\u00fcbarek ayda Tunceli ilinin iftar,imsak vakitlerini sizlerle payla\u015faca\u011f\u0131z.<strong>Sahur vakitlerleri<\/strong> konusunda Tunceli ezan vakitleri konusunda bir <strong>ayl\u0131k<\/strong> s\u00fcrede yard\u0131mc\u0131 olacak imsakiye payla\u015fal\u0131m.<\/p>\n<p>&nbsp;<\/p>\n<h1>Tunceli \u0130msakiyesi<\/h1>\n<p>Diyanet taraf\u0131ndan yay\u0131nlanan namaz saatlerini <strong>9 Temmuz Sal\u0131<\/strong> g\u00fcn\u00fc 8 A\u011fustos 2013 Per\u015fembe g\u00fcn\u00fc hep birlikte Ramazan Bayram\u0131 co\u015fkusunu ya\u015fayaca\u011f\u0131z.Tunceli<strong> iftar saatleri<\/strong> konusunda sizlere bilgi verece\u011fimiz 2013 Tunceli \u0130msakiyesi sizlerle!<\/p>\n<div class=\"musta-icerikten-sonra\" id=\"musta-2927458601\"><div id=\"waldo-tag-4184\"><\/div><\/div>","protected":false},"excerpt":{"rendered":"<p>2013 y\u0131l\u0131n\u0131n Ramazan ay\u0131n\u0131n Tunceli imsakiyesi ile sizlere 2013 y\u0131l\u0131nda Tunceli&#8217;un Namaz Vakitlerini sizlerle\u00a0Tunceli namaz vakitleri, Tunceli iftar saati 2013, Tunceli iftar vakti, Tunceli ezan vakitleri, 2013 Tunceli ramazan imsakiyesi, Tunceli sahur vakti, 2013 Tunceli imsakiye, Tunceli iftar saatleri, Tunceli ak\u015fam namaz\u0131 vakti, Tunceli namaz saatleri ve 2013 y\u0131l\u0131 Tunceli imsak \u00a0konusunda bilgi verelim. Bu [&hellip;]<\/p>\n","protected":false},"author":1,"featured_media":0,"comment_status":"open","ping_status":"closed","sticky":false,"template":"","format":"standard","meta":{"powered_cache_disable_cache":false,"powered_cache_disable_critical_css":false,"powered_cache_specific_critical_css":false,"powered_cache_disable_css_optimization":false,"powered_cache_disable_js_optimization":false,"powered_cache_disable_js_defer":false,"powered_cache_disable_js_delay":false,"footnotes":"","_links_to":"","_links_to_target":""},"categories":[1938],"tags":[2054,2055,1846,2056,2057,1847,2058,2059,2060,2061,2062,2063,2064,2065,2066,2067,2068,2069],"class_list":["post-1286","post","type-post","status-publish","format-standard","hentry","category-imsakiyeler","tag-2013-tunceli-imsakiye","tag-2013-tunceli-ramazan-imsakiyesi","tag-2013-yili-ramazan-imsakiyesi","tag-2013-yili-tunceli-imsak-sahur-vakitleri","tag-iftar-saati-tunceli-2013","tag-imsakiye","tag-imsakiye-tunceli-2013","tag-kacta-okunacak-aksam-ezani-sahur-tunceli","tag-tunceli-aksam-namazi-vakti","tag-tunceli-ezan-vakitleri","tag-tunceli-iftar-saati-2013","tag-tunceli-iftar-saatleri","tag-tunceli-iftar-vakti","tag-tunceli-imsakiyesi-indir","tag-tunceli-namaz-saatleri-ve-2013-yili-tunceli-imsak","tag-tunceli-namaz-vakitleri","tag-tunceli-sahur-vakti","tag-tuncelida-aksam-ezani-kacta-okunuyor"],"_links":{"self":[{"href":"http:\/\/www.mustafaozcan.info\/blog\/wp-json\/wp\/v2\/posts\/1286","targetHints":{"allow":["GET"]}}],"collection":[{"href":"http:\/\/www.mustafaozcan.info\/blog\/wp-json\/wp\/v2\/posts"}],"about":[{"href":"http:\/\/www.mustafaozcan.info\/blog\/wp-json\/wp\/v2\/types\/post"}],"author":[{"embeddable":true,"href":"http:\/\/www.mustafaozcan.info\/blog\/wp-json\/wp\/v2\/users\/1"}],"replies":[{"embeddable":true,"href":"http:\/\/www.mustafaozcan.info\/blog\/wp-json\/wp\/v2\/comments?post=1286"}],"version-history":[{"count":0,"href":"http:\/\/www.mustafaozcan.info\/blog\/wp-json\/wp\/v2\/posts\/1286\/revisions"}],"wp:attachment":[{"href":"http:\/\/www.mustafaozcan.info\/blog\/wp-json\/wp\/v2\/media?parent=1286"}],"wp:term":[{"taxonomy":"category","embeddable":true,"href":"http:\/\/www.mustafaozcan.info\/blog\/wp-json\/wp\/v2\/categories?post=1286"},{"taxonomy":"post_tag","embeddable":true,"href":"http:\/\/www.mustafaozcan.info\/blog\/wp-json\/wp\/v2\/tags?post=1286"}],"curies":[{"name":"wp","href":"https:\/\/api.w.org\/{rel}","templated":true}]}}