{"id":1264,"date":"2013-07-10T18:44:23","date_gmt":"2013-07-10T15:44:23","guid":{"rendered":"http:\/\/www.mustafaozcan.info\/blog\/?p=1264"},"modified":"2013-07-10T18:44:47","modified_gmt":"2013-07-10T15:44:47","slug":"ramazan-2013-imsakiyesi-ramazan-iftar-sahur-vakitleri","status":"publish","type":"post","link":"http:\/\/www.mustafaozcan.info\/blog\/ramazan-2013-imsakiyesi-ramazan-iftar-sahur-vakitleri.html","title":{"rendered":"Ramazan \u0130msakiyesi 2013 | Ramazan \u0130ftar Vakitleri | Sahur Saatleri"},"content":{"rendered":"<div class=\"musta-icerikten-once\" style=\"margin-left: auto;margin-right: auto;text-align: center;\" id=\"musta-1481214130\"><div id=\"waldo-tag-4179\"><\/div><\/div><p>Hep birlikte <strong>2013<\/strong> y\u0131l\u0131nda\u00a0<strong>Ramazan \u0130msakiyesi 2013<\/strong> | <em><strong>Ramazan \u0130ftar Vakitleri<\/strong><\/em> | <strong>Sahur<\/strong> Saatleri kar\u015f\u0131l\u0131yoruz.<strong>Ramazan<\/strong> Ay\u0131&#8217;n\u0131n ilk orucunu bug\u00fcn 9 Temmuz Sal\u0131 g\u00fcn\u00fc hep birlikte tamamlad\u0131k.Art\u0131k <strong>birinci<\/strong> ba\u015flang\u0131\u00e7 g\u00fcn\u00fc geldikten sonra kolay ge\u00e7er derler in\u015fallah herkesin <strong>Ramazan Ay\u0131<\/strong>&#8216;n\u0131 huzurlu ge\u00e7irmesini diliyorum.<\/p>\n<h1>Ramazan \u0130msakiyesi<\/h1>\n<p><strong>Ramazan ay\u0131<\/strong> imsakiye olarak g\u00fcnl\u00fck bir \u015fekilde takip edebilece\u011finiz imsakiyeleri sizlerle payla\u015fmak istedim.<a title=\"Ramazan \u00d6zel\" href=\"http:\/\/www.mustafaozcan.info\/blog\/ramazan-ozel\" target=\"_blank\">Ramazan Ay\u0131<\/a> \u00d6zel sayfam\u0131zda daha detayl\u0131 olarak bilgiler payla\u015f\u0131yoruz.<\/p>\n<p>Ramazan imsakiyesi illere g\u00f6re ve g\u00fcnlere g\u00f6re imsak,sabah,\u00f6\u011fle,ikindi,ak\u015fam,yats\u0131 \u015feklinde tablolu bir \u015fekilde ula\u015fabilece\u011finiz \u015fekilde tasarland\u0131.<strong>Ramazan \u0130ftar Vakitleri<\/strong> ile <strong>Sahur Vakitleri<\/strong>ni \u00e7ok rahat bir \u015fekilde ilinize g\u00f6re sunuyoruz.<\/p>\n<h1>Ramazan \u0130ftar Vakitleri<\/h1>\n<p><strong>\u0130msakiye<\/strong>&#8216;de iftar saatlerini bulabilece\u011finiz 11 ay\u0131n sultan\u0131 \u015fehr-i Ramazan&#8217;\u0131 bug\u00fcn birinci g\u00fcn\u00fcn\u00fc tamamlad\u0131k.Hay\u0131rlara vesile olmas\u0131n\u0131 diledi\u011fimiz bu m\u00fcbarek ayda \u00a0Ramazan Sahur saatlerini sizlerle payla\u015f\u0131yoruz.<\/p>\n<h1>Ramazan Sahur Vakitleri<\/h1>\n<p>Sahur yap\u0131l\u0131p orucu yerine getirmek i\u00e7in<strong> iftar saatind<\/strong>e ezan okunmas\u0131n\u0131 bekleyen oru\u00e7 tutan ki\u015filer web sitemizden \u00e7ok seri bir \u015fekilde bulundu\u011fu ilin <strong>Sahur<\/strong> saatlerine ve <strong>\u0130ftar Vakitlerine<\/strong> ula\u015fabilecek.<\/p>\n<p>&nbsp;<\/p>\n<div class=\"musta-icerikten-sonra\" id=\"musta-2478850718\"><div id=\"waldo-tag-4184\"><\/div><\/div>","protected":false},"excerpt":{"rendered":"<p>Hep birlikte 2013 y\u0131l\u0131nda\u00a0Ramazan \u0130msakiyesi 2013 | Ramazan \u0130ftar Vakitleri | Sahur Saatleri kar\u015f\u0131l\u0131yoruz.Ramazan Ay\u0131&#8217;n\u0131n ilk orucunu bug\u00fcn 9 Temmuz Sal\u0131 g\u00fcn\u00fc hep birlikte tamamlad\u0131k.Art\u0131k birinci ba\u015flang\u0131\u00e7 g\u00fcn\u00fc geldikten sonra kolay ge\u00e7er derler in\u015fallah herkesin Ramazan Ay\u0131&#8216;n\u0131 huzurlu ge\u00e7irmesini diliyorum. Ramazan \u0130msakiyesi Ramazan ay\u0131 imsakiye olarak g\u00fcnl\u00fck bir \u015fekilde takip edebilece\u011finiz imsakiyeleri sizlerle payla\u015fmak istedim.Ramazan [&hellip;]<\/p>\n","protected":false},"author":1,"featured_media":0,"comment_status":"open","ping_status":"closed","sticky":false,"template":"","format":"standard","meta":{"powered_cache_disable_cache":false,"powered_cache_disable_critical_css":false,"powered_cache_specific_critical_css":false,"powered_cache_disable_css_optimization":false,"powered_cache_disable_js_optimization":false,"powered_cache_disable_js_defer":false,"powered_cache_disable_js_delay":false,"footnotes":"","_links_to":"","_links_to_target":""},"categories":[1821],"tags":[1996,2001,1999,1997,2000,2002,2003,1998,1987,1988,1989,1991,1992,1994,1990,1995,1993,2004,2007,2005,2008,2006],"class_list":["post-1264","post","type-post","status-publish","format-standard","hentry","category-ramazan-ozel","tag-ramazan-iftar-vakitleri","tag-ramazan-iftar-vakitleri-ankara","tag-ramazan-iftar-vakitleri-illere-gore","tag-ramazan-iftar-vakitleri-indir","tag-ramazan-iftar-vakitleri-istanbul","tag-ramazan-iftar-vakitleri-izmir","tag-ramazan-iftar-vakitleri-malatya","tag-ramazan-iftar-vakitleri-sehirlere-gore","tag-ramazan-imsakiyesi","tag-ramazan-imsakiyesi-2013","tag-ramazan-imsakiyesi-iftar-vakitleri","tag-ramazan-imsakiyesi-indir","tag-ramazan-imsakiyesi-program","tag-ramazan-imsakiyesi-resimli","tag-ramazan-imsakiyesi-sahur-vakitleri","tag-ramazan-imsakiyesi-sehirlere-gore","tag-ramazan-imsakiyesi-sesli","tag-ramazan-sahur-saatleri","tag-ramazan-sahur-saatleri-illere-gore","tag-ramazan-sahur-saatleri-indir","tag-ramazan-sahur-saatleri-sehirlere-gore","tag-ramazan-sahur-saatleri-vakitleri"],"_links":{"self":[{"href":"http:\/\/www.mustafaozcan.info\/blog\/wp-json\/wp\/v2\/posts\/1264","targetHints":{"allow":["GET"]}}],"collection":[{"href":"http:\/\/www.mustafaozcan.info\/blog\/wp-json\/wp\/v2\/posts"}],"about":[{"href":"http:\/\/www.mustafaozcan.info\/blog\/wp-json\/wp\/v2\/types\/post"}],"author":[{"embeddable":true,"href":"http:\/\/www.mustafaozcan.info\/blog\/wp-json\/wp\/v2\/users\/1"}],"replies":[{"embeddable":true,"href":"http:\/\/www.mustafaozcan.info\/blog\/wp-json\/wp\/v2\/comments?post=1264"}],"version-history":[{"count":0,"href":"http:\/\/www.mustafaozcan.info\/blog\/wp-json\/wp\/v2\/posts\/1264\/revisions"}],"wp:attachment":[{"href":"http:\/\/www.mustafaozcan.info\/blog\/wp-json\/wp\/v2\/media?parent=1264"}],"wp:term":[{"taxonomy":"category","embeddable":true,"href":"http:\/\/www.mustafaozcan.info\/blog\/wp-json\/wp\/v2\/categories?post=1264"},{"taxonomy":"post_tag","embeddable":true,"href":"http:\/\/www.mustafaozcan.info\/blog\/wp-json\/wp\/v2\/tags?post=1264"}],"curies":[{"name":"wp","href":"https:\/\/api.w.org\/{rel}","templated":true}]}}