{"id":1204,"date":"2013-07-09T13:44:43","date_gmt":"2013-07-09T10:44:43","guid":{"rendered":"http:\/\/www.mustafaozcan.info\/blog\/?p=1204"},"modified":"2013-07-09T18:50:30","modified_gmt":"2013-07-09T15:50:30","slug":"2013-istanbul-imsak-iftar-vakti","status":"publish","type":"post","link":"http:\/\/www.mustafaozcan.info\/blog\/2013-istanbul-imsak-iftar-vakti.html","title":{"rendered":"2013 \u0130stanbul \u0130msakiyesi &#8211; \u0130stanbul \u0130ftar Vakti &#8211; Sahur Saatleri"},"content":{"rendered":"<div class=\"musta-icerikten-once\" style=\"margin-left: auto;margin-right: auto;text-align: center;\" id=\"musta-3223832031\"><div id=\"waldo-tag-4179\"><\/div><\/div><p>2013 y\u0131l\u0131n\u0131n <strong>Ramazan<\/strong> ay\u0131n\u0131n<strong> \u0130stanbul<\/strong> imsakiyesi ile sizlere 2013 y\u0131l\u0131nda \u0130stanbul&#8217;un<strong> Namaz Vakitlerin<\/strong>i sizlerle\u00a0\u0130stanbul namaz vakitleri, \u0130stanbul iftar saati 2013, \u0130stanbul iftar vakti, <strong>\u0130stanbul ezan vakitleri<\/strong>, 2013 \u0130stanbul ramazan imsakiyesi, <strong>\u0130stanbul sahur<\/strong> vakti, <em><strong>2013 \u0130stanbul imsakiye<\/strong><\/em>, <strong>\u0130stanbul iftar saatleri<\/strong>, \u0130stanbul ak\u015fam namaz\u0131 vakti, <strong>\u0130stanbul namaz saatleri<\/strong> ve 2013 y\u0131l\u0131 \u0130stanbul imsak \u00a0konusunda bilgi verelim.<\/p>\n<p>Bu M\u00fcbarek ayda \u0130stanbul ilinin iftar,imsak vakitlerini sizlerle payla\u015faca\u011f\u0131z.<strong>Sahur vakitlerleri<\/strong> konusunda \u0130stanbul ezan vakitleri konusunda bir <strong>ayl\u0131k<\/strong> s\u00fcrede yard\u0131mc\u0131 olacak imsakiye payla\u015fal\u0131m.<\/p>\n<p>&nbsp;<\/p>\n<h1>\u0130stanbul \u0130msakiyesi<\/h1>\n<p>Diyanet taraf\u0131ndan yay\u0131nlanan namaz saatlerini <strong>9 Temmuz Sal\u0131<\/strong> g\u00fcn\u00fc 8 A\u011fustos 2013 Per\u015fembe g\u00fcn\u00fc hep birlikte Ramazan Bayram\u0131 co\u015fkusunu ya\u015fayaca\u011f\u0131z.\u0130stanbul<strong> iftar saatleri<\/strong> konusunda sizlere bilgi verece\u011fimiz 2013 \u0130stanbul \u0130msakiyesi sizlerle!<\/p>\n<p>&nbsp;<\/p>\n<div class=\"musta-icerikten-sonra\" id=\"musta-3434749505\"><div id=\"waldo-tag-4184\"><\/div><\/div>","protected":false},"excerpt":{"rendered":"<p>2013 y\u0131l\u0131n\u0131n Ramazan ay\u0131n\u0131n \u0130stanbul imsakiyesi ile sizlere 2013 y\u0131l\u0131nda \u0130stanbul&#8217;un Namaz Vakitlerini sizlerle\u00a0\u0130stanbul namaz vakitleri, \u0130stanbul iftar saati 2013, \u0130stanbul iftar vakti, \u0130stanbul ezan vakitleri, 2013 \u0130stanbul ramazan imsakiyesi, \u0130stanbul sahur vakti, 2013 \u0130stanbul imsakiye, \u0130stanbul iftar saatleri, \u0130stanbul ak\u015fam namaz\u0131 vakti, \u0130stanbul namaz saatleri ve 2013 y\u0131l\u0131 \u0130stanbul imsak \u00a0konusunda bilgi verelim. Bu [&hellip;]<\/p>\n","protected":false},"author":1,"featured_media":0,"comment_status":"open","ping_status":"closed","sticky":false,"template":"","format":"standard","meta":{"powered_cache_disable_cache":false,"powered_cache_disable_critical_css":false,"powered_cache_specific_critical_css":false,"powered_cache_disable_css_optimization":false,"powered_cache_disable_js_optimization":false,"powered_cache_disable_js_defer":false,"powered_cache_disable_js_delay":false,"footnotes":"","_links_to":"","_links_to_target":""},"categories":[1938],"tags":[1836,1834,1842,1846,1843,1847,1841,1838,1833,1831,1837,1832,1840,1839,1830,1835,1844,1845],"class_list":["post-1204","post","type-post","status-publish","format-standard","hentry","category-imsakiyeler","tag-2013-istanbul-imsakiye","tag-2013-istanbul-ramazan-imsakiyesi","tag-2013-yili-istanbul-imsak-sahur-vakitleri","tag-2013-yili-ramazan-imsakiyesi","tag-iftar-saati-istanbul-2013","tag-imsakiye","tag-imsakiye-istanbul-2013","tag-istanbul-aksam-namazi-vakti","tag-istanbul-ezan-vakitleri","tag-istanbul-iftar-saati-2013","tag-istanbul-iftar-saatleri","tag-istanbul-iftar-vakti","tag-istanbul-imsakiyesi-indir","tag-istanbul-namaz-saatleri-ve-2013-yili-istanbul-imsak","tag-istanbul-namaz-vakitleri","tag-istanbul-sahur-vakti","tag-istanbulda-aksam-ezani-kacta-okunuyor","tag-kacta-okunacak-aksam-ezani-sahur-istanbul"],"_links":{"self":[{"href":"http:\/\/www.mustafaozcan.info\/blog\/wp-json\/wp\/v2\/posts\/1204","targetHints":{"allow":["GET"]}}],"collection":[{"href":"http:\/\/www.mustafaozcan.info\/blog\/wp-json\/wp\/v2\/posts"}],"about":[{"href":"http:\/\/www.mustafaozcan.info\/blog\/wp-json\/wp\/v2\/types\/post"}],"author":[{"embeddable":true,"href":"http:\/\/www.mustafaozcan.info\/blog\/wp-json\/wp\/v2\/users\/1"}],"replies":[{"embeddable":true,"href":"http:\/\/www.mustafaozcan.info\/blog\/wp-json\/wp\/v2\/comments?post=1204"}],"version-history":[{"count":0,"href":"http:\/\/www.mustafaozcan.info\/blog\/wp-json\/wp\/v2\/posts\/1204\/revisions"}],"wp:attachment":[{"href":"http:\/\/www.mustafaozcan.info\/blog\/wp-json\/wp\/v2\/media?parent=1204"}],"wp:term":[{"taxonomy":"category","embeddable":true,"href":"http:\/\/www.mustafaozcan.info\/blog\/wp-json\/wp\/v2\/categories?post=1204"},{"taxonomy":"post_tag","embeddable":true,"href":"http:\/\/www.mustafaozcan.info\/blog\/wp-json\/wp\/v2\/tags?post=1204"}],"curies":[{"name":"wp","href":"https:\/\/api.w.org\/{rel}","templated":true}]}}