{"id":1196,"date":"2013-07-08T01:22:00","date_gmt":"2013-07-07T22:22:00","guid":{"rendered":"http:\/\/www.mustafaozcan.info\/blog\/?p=1196"},"modified":"2013-07-08T01:22:00","modified_gmt":"2013-07-07T22:22:00","slug":"2013-ramazan-ayi-ne-zaman-basliyor-oruc-ne-zaman-tutulacak","status":"publish","type":"post","link":"http:\/\/www.mustafaozcan.info\/blog\/2013-ramazan-ayi-ne-zaman-basliyor-oruc-ne-zaman-tutulacak.html","title":{"rendered":"2013 Ramazan Ay\u0131 Ne Zaman Ba\u015fl\u0131yor? | Oru\u00e7 Ne Zaman Tutulacak"},"content":{"rendered":"<div class=\"musta-icerikten-once\" style=\"margin-left: auto;margin-right: auto;text-align: center;\" id=\"musta-1579037036\"><div id=\"waldo-tag-4179\"><\/div><\/div><p>2013 y\u0131l\u0131n\u0131n Ramazan ay\u0131n\u0131n art\u0131k son g\u00fcnleri geldi <strong>9 Temmuz 2013<\/strong> Sal\u0131 G\u00fcn\u00fc ba\u015flayacak olan 2013 y\u0131l\u0131 <strong>Ramazan Ay\u0131<\/strong> ba\u015flang\u0131c\u0131 olarak <strong>Oru\u00e7 Ne Zaman Tutulacak?<\/strong> sorusunun kar\u015f\u0131l\u0131\u011f\u0131n\u0131 verelim!<\/p>\n<h1>2013 Ramazan Ay\u0131<\/h1>\n<figure id=\"attachment_1197\" aria-describedby=\"caption-attachment-1197\" style=\"width: 556px\" class=\"wp-caption aligncenter\"><a href=\"https:\/\/www.mustafaozcan.info\/blog\/wp-content\/uploads\/2013\/07\/ramazan-ayi-2013-oruc-ne-zaman-tutulacak.png\"><img loading=\"lazy\" decoding=\"async\" class=\"size-full wp-image-1197\" alt=\"Ramazan Ay\u0131 2013\" src=\"https:\/\/www.mustafaozcan.info\/blog\/wp-content\/uploads\/2013\/07\/ramazan-ayi-2013-oruc-ne-zaman-tutulacak.png\" width=\"556\" height=\"199\" srcset=\"http:\/\/www.mustafaozcan.info\/blog\/wp-content\/uploads\/2013\/07\/ramazan-ayi-2013-oruc-ne-zaman-tutulacak.png 556w, http:\/\/www.mustafaozcan.info\/blog\/wp-content\/uploads\/2013\/07\/ramazan-ayi-2013-oruc-ne-zaman-tutulacak-300x107.png 300w\" sizes=\"auto, (max-width: 556px) 100vw, 556px\" \/><\/a><figcaption id=\"caption-attachment-1197\" class=\"wp-caption-text\">Ramazan Ay\u0131 2013<\/figcaption><\/figure>\n<p><strong>2013<\/strong> y\u0131l\u0131n\u0131n ilk orucu 9 Temmuz 2013 Sal\u0131 g\u00fcn\u00fc ba\u015flayacak.Yani yar\u0131n olacak oru\u00e7 g\u00fcn\u00fc i\u00e7in sizlere hat\u0131rlatma yapacak bir konu haz\u0131rlad\u0131k.<\/p>\n<h1>Ramazan Ay\u0131 Ba\u015flang\u0131c\u0131 2013<\/h1>\n<ul>\n<li>Ey insanlar! <strong>Y\u00fcce<\/strong> ve m\u00fcbarek bir ay\u0131n g\u00f6lgesi \u00fczerinize bast\u0131.<\/li>\n<li>O ayda bir gece vard\u0131r ki bin aydan daha hay\u0131rl\u0131d\u0131r.<\/li>\n<li>Allah o ayda <strong>oru\u00e7<\/strong> tutmay\u0131 farz k\u0131ld\u0131. <strong>Geceleyin<\/strong> ibadet yapmay\u0131 (ter\u00e2vih namaz\u0131 k\u0131lmay\u0131) n\u00e2file k\u0131ld\u0131.<\/li>\n<li>O ayda bir hay\u0131r i\u015fleyen kimse di\u011fer aylarda bir farz i\u015flemi\u015f gibi olur.<\/li>\n<li>O ayda bir farz i\u015fleyen ise di\u011fer aylarda <strong>yetmi\u015f<\/strong> farz i\u015flemi\u015f gibi sevap al\u0131r.<\/li>\n<li>O, sab\u0131r ay\u0131d\u0131r. Sabr\u0131n kar\u015f\u0131l\u0131\u011f\u0131 ise cennettir.<\/li>\n<li>O, yard\u0131mla\u015fma ay\u0131d\u0131r.<\/li>\n<li>O ayda m\u00fcminin <strong>r\u0131zk\u0131<\/strong> bolla\u015ft\u0131r\u0131l\u0131r.<\/li>\n<li>O ayda kim bir <span style=\"text-decoration: underline;\">oru\u00e7luyu<\/span> iftar ettirirse bu, g\u00fcnahlar\u0131n\u0131n ba\u011f\u0131\u015flanmas\u0131na ve <strong>cehennemden<\/strong> kurtulmas\u0131na sebep olur. Ayn\u0131 zamanda oru\u00e7lunun sevab\u0131 kadar sevap verilir. Oru\u00e7lunun sevab\u0131ndan da hi\u00e7 bir \u015fey <strong>noksanla\u015fmaz<\/strong>.<\/li>\n<\/ul>\n<div class=\"musta-icerikten-sonra\" id=\"musta-860719898\"><div id=\"waldo-tag-4184\"><\/div><\/div>","protected":false},"excerpt":{"rendered":"<p>2013 y\u0131l\u0131n\u0131n Ramazan ay\u0131n\u0131n art\u0131k son g\u00fcnleri geldi 9 Temmuz 2013 Sal\u0131 G\u00fcn\u00fc ba\u015flayacak olan 2013 y\u0131l\u0131 Ramazan Ay\u0131 ba\u015flang\u0131c\u0131 olarak Oru\u00e7 Ne Zaman Tutulacak? sorusunun kar\u015f\u0131l\u0131\u011f\u0131n\u0131 verelim! 2013 Ramazan Ay\u0131 2013 y\u0131l\u0131n\u0131n ilk orucu 9 Temmuz 2013 Sal\u0131 g\u00fcn\u00fc ba\u015flayacak.Yani yar\u0131n olacak oru\u00e7 g\u00fcn\u00fc i\u00e7in sizlere hat\u0131rlatma yapacak bir konu haz\u0131rlad\u0131k. Ramazan Ay\u0131 Ba\u015flang\u0131c\u0131 [&hellip;]<\/p>\n","protected":false},"author":1,"featured_media":0,"comment_status":"open","ping_status":"closed","sticky":false,"template":"","format":"standard","meta":{"powered_cache_disable_cache":false,"powered_cache_disable_critical_css":false,"powered_cache_specific_critical_css":false,"powered_cache_disable_css_optimization":false,"powered_cache_disable_js_optimization":false,"powered_cache_disable_js_defer":false,"powered_cache_disable_js_delay":false,"footnotes":"","_links_to":"","_links_to_target":""},"categories":[1821],"tags":[1826,1822,1825,1824,1823,1828,1827,1829],"class_list":["post-1196","post","type-post","status-publish","format-standard","hentry","category-ramazan-ozel","tag-2013-ramazan","tag-2013-ramazan-ayi","tag-2013-ramazan-ayi-9-temmuz","tag-2013-ramazan-ayi-baslangic-tarihi","tag-2013-ramazan-ayi-ne-zaman","tag-2013-ramazan-ayi-oruc-ne-zaman-tutulacak","tag-2013-ramazan-ayi-tarihleri","tag-2013-ramazan-ayi-teravih-namazi"],"_links":{"self":[{"href":"http:\/\/www.mustafaozcan.info\/blog\/wp-json\/wp\/v2\/posts\/1196","targetHints":{"allow":["GET"]}}],"collection":[{"href":"http:\/\/www.mustafaozcan.info\/blog\/wp-json\/wp\/v2\/posts"}],"about":[{"href":"http:\/\/www.mustafaozcan.info\/blog\/wp-json\/wp\/v2\/types\/post"}],"author":[{"embeddable":true,"href":"http:\/\/www.mustafaozcan.info\/blog\/wp-json\/wp\/v2\/users\/1"}],"replies":[{"embeddable":true,"href":"http:\/\/www.mustafaozcan.info\/blog\/wp-json\/wp\/v2\/comments?post=1196"}],"version-history":[{"count":0,"href":"http:\/\/www.mustafaozcan.info\/blog\/wp-json\/wp\/v2\/posts\/1196\/revisions"}],"wp:attachment":[{"href":"http:\/\/www.mustafaozcan.info\/blog\/wp-json\/wp\/v2\/media?parent=1196"}],"wp:term":[{"taxonomy":"category","embeddable":true,"href":"http:\/\/www.mustafaozcan.info\/blog\/wp-json\/wp\/v2\/categories?post=1196"},{"taxonomy":"post_tag","embeddable":true,"href":"http:\/\/www.mustafaozcan.info\/blog\/wp-json\/wp\/v2\/tags?post=1196"}],"curies":[{"name":"wp","href":"https:\/\/api.w.org\/{rel}","templated":true}]}}